{"id":5855,"date":"2013-05-31T04:56:27","date_gmt":"2013-05-31T07:56:27","guid":{"rendered":"https:\/\/blogs.gazetaesportiva.com\/planeta-octogono\/?p=5855"},"modified":"2013-05-31T05:00:14","modified_gmt":"2013-05-31T08:00:14","slug":"assista-video-explosivo-de-trailer-do-ksw-23-com-khalidov-materla-manhoef-e-homem-mais-forte-do-mundo","status":"publish","type":"post","link":"https:\/\/blogs.gazetaesportiva.com\/planeta-octogono\/2013\/05\/31\/assista-video-explosivo-de-trailer-do-ksw-23-com-khalidov-materla-manhoef-e-homem-mais-forte-do-mundo\/","title":{"rendered":"Assista v\u00eddeo explosivo de trailer do KSW 23 com Khalidov, Materla, Manhoef e Pudzianowski"},"content":{"rendered":"<figure id=\"attachment_4584\" aria-describedby=\"caption-attachment-4584\" style=\"width: 420px\" class=\"wp-caption aligncenter\"><a href=\"https:\/\/blogs.gazetaesportiva.com\/planeta-octogono\/files\/2013\/04\/ksw23-1.jpg\"><img loading=\"lazy\" decoding=\"async\" class=\"size-full wp-image-4584 \" src=\"https:\/\/blogs.gazetaesportiva.com\/planeta-octogono\/files\/2013\/04\/ksw23-1.jpg\" alt=\"\" width=\"420\" height=\"514\" \/><\/a><figcaption id=\"caption-attachment-4584\" class=\"wp-caption-text\">KSW divulga trailer com estrelas de edi\u00e7\u00e3o - Divulga\u00e7\u00e3o KSW<\/figcaption><\/figure>\n<p>Um dos maiores eventos da Europa, o evento polon\u00eas KSW divulgou um trailer com as estrelas desta edi\u00e7\u00e3o que acontece no dia 8 de junho.<\/p>\n<p>O evento que acontece na cidade de Gdansk na Pol\u00f4nia, traz a estrela do pa\u00eds no MMA, Mamed Khalidov que enfrenta o holand\u00eas Melvin Manhoef.<\/p>\n<p>Outro combate esperado \u00e9 a volta do &#8220;Homem mais forte do Mundo&#8221; Mariusz Pudzianowski.<\/p>\n<p>Mariusz que venceu uma competi\u00e7\u00e3o americana que elegeu o polon\u00eas cinco vezes o mais forte do planeta \u00a0enfrenta o ex lutador do UFC, Sean McCorkle.<\/p>\n<p>Al\u00e9m disso, o campe\u00e3o peso m\u00e9dio do evento, Michal Materla defende o seu cintur\u00e3o contra outro ex lutador do UFC, Kendall Grove.<\/p>\n<p style=\"text-align: center\"><strong>Veja o trailer do KSW 23:<\/strong><\/p>\n<p style=\"text-align: center\"><strong>[yframe url=&#8217;http:\/\/www.youtube.com\/watch?v=FD8rAlrLuQE&#8217;] <\/strong><\/p>\n<p style=\"text-align: center\">\n<p style=\"text-align: center\"><strong> <\/strong><\/p>\n<div style=\"text-align: center\"><strong>Comente esta not\u00edcia, ou entre em contato conosco, para tirar d\u00favidas e nos ajudar a fazer este blog cada vez melhor.<\/strong><\/div>\n<div style=\"text-align: center\"><strong>Atrav\u00e9s do e- mail: planetaoctogono@gmail.com<\/strong><\/div>\n<div style=\"text-align: center\"><strong>Siga nosso Physicbook &#8211; http:\/\/www.physicbook.com\/social\/usuario\/518006546eb1e\/<\/strong><\/div>\n<div style=\"text-align: center\"><strong>ou http:\/\/www.physicbook.com\/social\/grupos\/518a59c09838c\/<\/strong><\/div>\n<div style=\"text-align: center\"><strong>Siga nosso Twitter &#8211; www.twitter.com\/BrMassami e comente sobre esta not\u00edcia!<\/strong><\/div>\n<div style=\"text-align: center\"><strong>Siga nosso Facebook \u00a0&#8211; http:\/\/www.facebook.com\/PlanetaOctogono<\/strong><\/div>\n","protected":false},"excerpt":{"rendered":"<p>Um dos maiores eventos da Europa, o evento polon\u00eas KSW divulgou um trailer com as estrelas desta edi\u00e7\u00e3o que acontece no dia 8 de junho. <a class=\"read-more\" href=\"https:\/\/blogs.gazetaesportiva.com\/planeta-octogono\/2013\/05\/31\/assista-video-explosivo-de-trailer-do-ksw-23-com-khalidov-materla-manhoef-e-homem-mais-forte-do-mundo\/\">leia mais<\/a><\/p>\n","protected":false},"author":33,"featured_media":0,"comment_status":"open","ping_status":"open","sticky":false,"template":"","format":"standard","meta":{"jetpack_post_was_ever_published":false,"_jetpack_newsletter_access":"","_jetpack_dont_email_post_to_subs":false,"_jetpack_newsletter_tier_id":0,"_jetpack_memberships_contains_paywalled_content":false,"_jetpack_memberships_contains_paid_content":false,"footnotes":"","jetpack_publicize_message":"","jetpack_publicize_feature_enabled":true,"jetpack_social_post_already_shared":false,"jetpack_social_options":{"image_generator_settings":{"template":"highway","default_image_id":0,"font":"","enabled":false},"version":2}},"categories":[1],"tags":[],"class_list":["post-5855","post","type-post","status-publish","format-standard","hentry","category-principal"],"jetpack_publicize_connections":[],"jetpack_featured_media_url":"","jetpack_sharing_enabled":true,"jetpack_shortlink":"https:\/\/wp.me\/p6rqUQ-1wr","_links":{"self":[{"href":"https:\/\/blogs.gazetaesportiva.com\/planeta-octogono\/wp-json\/wp\/v2\/posts\/5855","targetHints":{"allow":["GET"]}}],"collection":[{"href":"https:\/\/blogs.gazetaesportiva.com\/planeta-octogono\/wp-json\/wp\/v2\/posts"}],"about":[{"href":"https:\/\/blogs.gazetaesportiva.com\/planeta-octogono\/wp-json\/wp\/v2\/types\/post"}],"author":[{"embeddable":true,"href":"https:\/\/blogs.gazetaesportiva.com\/planeta-octogono\/wp-json\/wp\/v2\/users\/33"}],"replies":[{"embeddable":true,"href":"https:\/\/blogs.gazetaesportiva.com\/planeta-octogono\/wp-json\/wp\/v2\/comments?post=5855"}],"version-history":[{"count":0,"href":"https:\/\/blogs.gazetaesportiva.com\/planeta-octogono\/wp-json\/wp\/v2\/posts\/5855\/revisions"}],"wp:attachment":[{"href":"https:\/\/blogs.gazetaesportiva.com\/planeta-octogono\/wp-json\/wp\/v2\/media?parent=5855"}],"wp:term":[{"taxonomy":"category","embeddable":true,"href":"https:\/\/blogs.gazetaesportiva.com\/planeta-octogono\/wp-json\/wp\/v2\/categories?post=5855"},{"taxonomy":"post_tag","embeddable":true,"href":"https:\/\/blogs.gazetaesportiva.com\/planeta-octogono\/wp-json\/wp\/v2\/tags?post=5855"}],"curies":[{"name":"wp","href":"https:\/\/api.w.org\/{rel}","templated":true}]}}