{"id":5851,"date":"2013-05-31T04:39:51","date_gmt":"2013-05-31T07:39:51","guid":{"rendered":"https:\/\/blogs.gazetaesportiva.com\/planeta-octogono\/?p=5851"},"modified":"2013-05-31T04:39:51","modified_gmt":"2013-05-31T07:39:51","slug":"novo-evento-mma-super-heroes-faz-estreia-em-louveira-buscando-inovacao-em-julho","status":"publish","type":"post","link":"https:\/\/blogs.gazetaesportiva.com\/planeta-octogono\/2013\/05\/31\/novo-evento-mma-super-heroes-faz-estreia-em-louveira-buscando-inovacao-em-julho\/","title":{"rendered":"Novo evento MMA Super Heroes faz estr\u00e9ia em Louveira buscando inova\u00e7\u00e3o em julho"},"content":{"rendered":"<figure id=\"attachment_5852\" aria-describedby=\"caption-attachment-5852\" style=\"width: 558px\" class=\"wp-caption aligncenter\"><a href=\"https:\/\/blogs.gazetaesportiva.com\/planeta-octogono\/files\/2013\/05\/mmasuperheroes.jpg\"><img loading=\"lazy\" decoding=\"async\" class=\"size-full wp-image-5852 \" src=\"https:\/\/blogs.gazetaesportiva.com\/planeta-octogono\/files\/2013\/05\/mmasuperheroes.jpg\" alt=\"\" width=\"558\" height=\"417\" \/><\/a><figcaption id=\"caption-attachment-5852\" class=\"wp-caption-text\">Evento promete inova\u00e7\u00e3o em estr\u00e9ia - Divulga\u00e7\u00e3o MMA Super Heroes<\/figcaption><\/figure>\n<p>O MMA Super Heroes promete chamar a aten\u00e7\u00e3o no cen\u00e1rio nacional.<\/p>\n<p>O evento far\u00e1 sua primeira edi\u00e7\u00e3o no dia 13 de julho e ter\u00e1 como sua primeira sede a cidade de Louveira, regi\u00e3o entre Jundia\u00ed e Campinas, a 70km da capital paulista. Com formato inovador no pa\u00eds, o evento ter\u00e1 transmiss\u00e3o ao vivo do canal Esporte Interativo.<\/p>\n<p>As duas primeiras edi\u00e7\u00f5es do MMA Super Heroes ser\u00e3o Grand Prix eliminat\u00f3rios. Na primeira edi\u00e7\u00e3o, o evento d\u00e1 in\u00edcio ao GP em duas categorias (at\u00e9 61kg e 66kg) masculinas e duas categorias femininas (at\u00e9 52kg e 57kg).<\/p>\n<p>A grande final do GP MMA Super Heroes vem sendo negociada para acontecer em S\u00e3o Paulo, onde conheceremos os primeiros campe\u00f5es da organiza\u00e7\u00e3o, que voltar\u00e3o na temporada seguinte para defender o seu t\u00edtulo, nos moldes do evento norte-americano Bellator Fighting Championships.<\/p>\n<p>Com a inten\u00e7\u00e3o de trazer grandes atletas para o Grand Prix, o MMA Super Heroes n\u00e3o medir\u00e1 esfor\u00e7os e buscar\u00e1 nomes de impacto dentre aqueles que j\u00e1 t\u00eam uma carreira consolidada, al\u00e9m de atletas em ascens\u00e3o no cen\u00e1rio nacional ou at\u00e9 mesmo internacional.<\/p>\n<p>O evento tem como valor principal a renova\u00e7\u00e3o e a manuten\u00e7\u00e3o dos atletas brasileiros no topo do nosso esporte.<\/p>\n<p>O MMA Super Heroes tamb\u00e9m ir\u00e1 ceder espa\u00e7o para lutas iniciais em cada evento, para que as jovens promessas das melhores equipes de MMA do pa\u00eds possam mostrar o seu valor. A organiza\u00e7\u00e3o espera anunciar os participantes dos GP\u2019s nas pr\u00f3ximas semanas atrav\u00e9s de sua p\u00e1gina oficial no facebook.<\/p>\n<p>A realiza\u00e7\u00e3o do evento contar\u00e1 com o apoio da Prefeitura Municipal da Cidade e do Secret\u00e1rio de Esportes de Louveira, Rodrigo Regor\u00e3o, para a realiza\u00e7\u00e3o do evento no Gin\u00e1sio Municipal de Esportes, que tem capacidade para 3.500 pessoas.<\/p>\n<p style=\"text-align: center\">\n<div style=\"text-align: center\"><strong>Comente esta not\u00edcia, ou entre em contato conosco, para tirar d\u00favidas e nos ajudar a fazer este blog cada vez melhor.<\/strong><\/div>\n<div style=\"text-align: center\"><strong>Atrav\u00e9s do e- mail: planetaoctogono@gmail.com<\/strong><\/div>\n<div style=\"text-align: center\"><\/div>\n<div style=\"text-align: center\"><strong>Siga nosso Physicbook &#8211; http:\/\/www.physicbook.com\/social\/usuario\/518006546eb1e\/<\/strong><\/div>\n<div style=\"text-align: center\"><strong>ou http:\/\/www.physicbook.com\/social\/grupos\/518a59c09838c\/<\/strong><\/div>\n<div style=\"text-align: center\"><\/div>\n<div style=\"text-align: center\"><strong>Siga nosso Twitter &#8211; www.twitter.com\/BrMassami e comente sobre esta not\u00edcia!<\/strong><\/div>\n<div style=\"text-align: center\"><strong>Siga nosso Facebook \u00a0&#8211; http:\/\/www.facebook.com\/PlanetaOctogono<\/strong><\/div>\n","protected":false},"excerpt":{"rendered":"<p>O MMA Super Heroes promete chamar a aten\u00e7\u00e3o no cen\u00e1rio nacional. O evento far\u00e1 sua primeira edi\u00e7\u00e3o no dia 13 de julho e ter\u00e1 como <a class=\"read-more\" href=\"https:\/\/blogs.gazetaesportiva.com\/planeta-octogono\/2013\/05\/31\/novo-evento-mma-super-heroes-faz-estreia-em-louveira-buscando-inovacao-em-julho\/\">leia mais<\/a><\/p>\n","protected":false},"author":33,"featured_media":5852,"comment_status":"open","ping_status":"open","sticky":false,"template":"","format":"standard","meta":{"jetpack_post_was_ever_published":false,"_jetpack_newsletter_access":"","_jetpack_dont_email_post_to_subs":false,"_jetpack_newsletter_tier_id":0,"_jetpack_memberships_contains_paywalled_content":false,"_jetpack_memberships_contains_paid_content":false,"footnotes":"","jetpack_publicize_message":"","jetpack_publicize_feature_enabled":true,"jetpack_social_post_already_shared":false,"jetpack_social_options":{"image_generator_settings":{"template":"highway","default_image_id":0,"font":"","enabled":false},"version":2}},"categories":[1],"tags":[],"class_list":["post-5851","post","type-post","status-publish","format-standard","has-post-thumbnail","hentry","category-principal"],"jetpack_publicize_connections":[],"jetpack_featured_media_url":"https:\/\/blogs.gazetaesportiva.com\/planeta-octogono\/files\/2013\/05\/mmasuperheroes.jpg","jetpack_sharing_enabled":true,"jetpack_shortlink":"https:\/\/wp.me\/p6rqUQ-1wn","_links":{"self":[{"href":"https:\/\/blogs.gazetaesportiva.com\/planeta-octogono\/wp-json\/wp\/v2\/posts\/5851","targetHints":{"allow":["GET"]}}],"collection":[{"href":"https:\/\/blogs.gazetaesportiva.com\/planeta-octogono\/wp-json\/wp\/v2\/posts"}],"about":[{"href":"https:\/\/blogs.gazetaesportiva.com\/planeta-octogono\/wp-json\/wp\/v2\/types\/post"}],"author":[{"embeddable":true,"href":"https:\/\/blogs.gazetaesportiva.com\/planeta-octogono\/wp-json\/wp\/v2\/users\/33"}],"replies":[{"embeddable":true,"href":"https:\/\/blogs.gazetaesportiva.com\/planeta-octogono\/wp-json\/wp\/v2\/comments?post=5851"}],"version-history":[{"count":0,"href":"https:\/\/blogs.gazetaesportiva.com\/planeta-octogono\/wp-json\/wp\/v2\/posts\/5851\/revisions"}],"wp:featuredmedia":[{"embeddable":true,"href":"https:\/\/blogs.gazetaesportiva.com\/planeta-octogono\/wp-json\/wp\/v2\/media\/5852"}],"wp:attachment":[{"href":"https:\/\/blogs.gazetaesportiva.com\/planeta-octogono\/wp-json\/wp\/v2\/media?parent=5851"}],"wp:term":[{"taxonomy":"category","embeddable":true,"href":"https:\/\/blogs.gazetaesportiva.com\/planeta-octogono\/wp-json\/wp\/v2\/categories?post=5851"},{"taxonomy":"post_tag","embeddable":true,"href":"https:\/\/blogs.gazetaesportiva.com\/planeta-octogono\/wp-json\/wp\/v2\/tags?post=5851"}],"curies":[{"name":"wp","href":"https:\/\/api.w.org\/{rel}","templated":true}]}}