{"id":5843,"date":"2013-05-30T18:46:11","date_gmt":"2013-05-30T21:46:11","guid":{"rendered":"https:\/\/blogs.gazetaesportiva.com\/planeta-octogono\/?p=5843"},"modified":"2013-05-30T18:47:32","modified_gmt":"2013-05-30T21:47:32","slug":"ouca-a-setima-edicao-do-red-corner-com-bibiano-fernandes-aline-franzoi-e-andrews-nakahara","status":"publish","type":"post","link":"https:\/\/blogs.gazetaesportiva.com\/planeta-octogono\/2013\/05\/30\/ouca-a-setima-edicao-do-red-corner-com-bibiano-fernandes-aline-franzoi-e-andrews-nakahara\/","title":{"rendered":"Ou\u00e7a a s\u00e9tima edi\u00e7\u00e3o do Red Corner com Bibiano Fernandes, Aline Franzoi e Andrews Nakahara"},"content":{"rendered":"<figure id=\"attachment_4122\" aria-describedby=\"caption-attachment-4122\" style=\"width: 560px\" class=\"wp-caption aligncenter\"><a href=\"https:\/\/blogs.gazetaesportiva.com\/planeta-octogono\/files\/2013\/03\/banner-redcorner-1.png\"><img loading=\"lazy\" decoding=\"async\" class=\"size-full wp-image-4122 \" src=\"https:\/\/blogs.gazetaesportiva.com\/planeta-octogono\/files\/2013\/03\/banner-redcorner-1.png\" alt=\"\" width=\"560\" height=\"373\" \/><\/a><figcaption id=\"caption-attachment-4122\" class=\"wp-caption-text\">Programa volta com 3 convidadas especiais - Arte Planeta Oct\u00f3gono\/Ataque Total<\/figcaption><\/figure>\n<p>O programa <strong>Red Corner<\/strong> est\u00e1 de volta! Com tr\u00eas convidados especiais.<\/p>\n<figure id=\"attachment_2541\" aria-describedby=\"caption-attachment-2541\" style=\"width: 242px\" class=\"wp-caption alignleft\"><a href=\"https:\/\/blogs.gazetaesportiva.com\/planeta-octogono\/files\/2013\/01\/Bibiano_Fernandes.jpg\"><img loading=\"lazy\" decoding=\"async\" class=\"size-full wp-image-2541   \" src=\"https:\/\/blogs.gazetaesportiva.com\/planeta-octogono\/files\/2013\/01\/Bibiano_Fernandes.jpg\" alt=\"\" width=\"242\" height=\"295\" \/><\/a><figcaption id=\"caption-attachment-2541\" class=\"wp-caption-text\">Lutador brasileiro luta nesta sexta feira no ONE FC - Arquivo Pessoal<\/figcaption><\/figure>\n<p>Come\u00e7amos pelo lutador brasileiro do evento asi\u00e1tico ONE FC, o campe\u00e3o do DREAM,<strong> Bibiano Fernandes.<\/strong><\/p>\n<p>Bibiano conta como foi sua prepara\u00e7\u00e3o para o combate contra o japon\u00eas Koetsu Okazaki, seu advers\u00e1rio no <strong>ONE FC 9 <\/strong>que acontece nesta sexta feira nas Filipinas.<\/p>\n<p>Al\u00e9m disso, o lutador fala sobre as dificuldades de perder o peso para o combate e seus planos para o futuro.<\/p>\n<p style=\"text-align: center\"><strong>Ou\u00e7a a participa\u00e7\u00e3o de do lutador do ONE FC, Bibiano Fernandes:<\/strong><\/p>\n<p style=\"text-align: center\"><strong>[yframe url=&#8217;http:\/\/www.youtube.com\/watch?v=8aXJ4BpA3c0&#8242;] <\/strong><\/p>\n<p style=\"text-align: center\">\n<p style=\"text-align: left\">\n<figure id=\"attachment_2946\" aria-describedby=\"caption-attachment-2946\" style=\"width: 238px\" class=\"wp-caption alignright\"><a href=\"https:\/\/blogs.gazetaesportiva.com\/planeta-octogono\/files\/2013\/01\/IMG_8524-1.jpg\"><img loading=\"lazy\" decoding=\"async\" class=\"size-full wp-image-2946     \" src=\"https:\/\/blogs.gazetaesportiva.com\/planeta-octogono\/files\/2013\/01\/IMG_8524-1.jpg\" alt=\"\" width=\"238\" height=\"358\" \/><\/a><figcaption id=\"caption-attachment-2946\" class=\"wp-caption-text\">Aline Franzoi conta um pouco mais sobre sua carreira - Gazeta Press\/Ana Carolina<\/figcaption><\/figure>\n<p>Conhe\u00e7a a modelo<strong> Aline Franzoi <\/strong>que participou da edi\u00e7\u00e3o do <strong>UFC S\u00e3o Paulo<\/strong>.<\/p>\n<p style=\"text-align: left\">Aline que tamb\u00e9m \u00e9 jornalista e apresentadora conta seus planos para o futuro.<\/p>\n<p style=\"text-align: left\">A modelo tamb\u00e9m fala sobre sua participa\u00e7\u00e3o como ring girl do evento<strong> Full Fight<\/strong> que acontece na cidade ga\u00facha de Lajeado no dia 15 de junho.<\/p>\n<p style=\"text-align: left\">Aline tamb\u00e9m conta como foi sua sensa\u00e7\u00e3o de trabalhar no maior evento de MMA do mundo, o UFC.<\/p>\n<p style=\"text-align: center\">\n<p style=\"text-align: center\"><strong>Conhe\u00e7a a modelo, apresentadora e ring girl, Aline Franzoi:<\/strong><\/p>\n<p style=\"text-align: center\"><strong>[yframe url=&#8217;http:\/\/www.youtube.com\/watch?v=ryp6hLen8PA&#8217;] <\/strong><\/p>\n<p style=\"text-align: center\">\n<p style=\"text-align: left\">\n<figure id=\"attachment_5844\" aria-describedby=\"caption-attachment-5844\" style=\"width: 240px\" class=\"wp-caption alignleft\"><a href=\"https:\/\/blogs.gazetaesportiva.com\/planeta-octogono\/files\/2013\/05\/andrewsnakahara3.jpg\"><img loading=\"lazy\" decoding=\"async\" class=\"size-full wp-image-5844 \" src=\"https:\/\/blogs.gazetaesportiva.com\/planeta-octogono\/files\/2013\/05\/andrewsnakahara3.jpg\" alt=\"\" width=\"240\" height=\"300\" \/><\/a><figcaption id=\"caption-attachment-5844\" class=\"wp-caption-text\">Lutador brasileiro conta sobre carreira e faz revela\u00e7\u00f5es sobre treinos de Belfort - Divulga\u00e7\u00e3o DREAM<\/figcaption><\/figure>\n<p>E para fechar com chave de ouro esta edi\u00e7\u00e3o, conhe\u00e7a o lutador <strong>Andrews Nakahara<\/strong>.<\/p>\n<p style=\"text-align: left\">Andrews conta como tem sido sua vida nos Estados Unidos e tamb\u00e9m como est\u00e3o os treinos para seu pr\u00f3ximo combate no evento coreano <strong>ROAD FC<\/strong>.<\/p>\n<p style=\"text-align: left\">Nakahara tamb\u00e9m revela detalhes dos treinos de <strong>Vitor Belfort<\/strong> e conta como est\u00e1 a prepara\u00e7\u00e3o de <strong>Rashad Evans <\/strong>para seu combate no UFC 161.<\/p>\n<p style=\"text-align: left\">Andrews conta que o chute de Vitor Belfort que nocauteou Luke Rockhold n\u00e3o foi um mero acaso.<\/p>\n<p style=\"text-align: center\">\n<p style=\"text-align: center\"><strong>Conhe\u00e7a o lutador Andrews Nakahara:<\/strong><\/p>\n<p style=\"text-align: center\"><strong>[yframe url=&#8217;http:\/\/www.youtube.com\/watch?v=IVY6wFFpwWw&#8217;]<\/strong><\/p>\n<p style=\"text-align: center\">\n<p style=\"text-align: center\"><strong> <\/strong><\/p>\n<div style=\"text-align: center\"><strong>Comente esta not\u00edcia, ou entre em contato conosco, para tirar d\u00favidas e nos ajudar a fazer este blog cada vez melhor.<\/strong><\/div>\n<div style=\"text-align: center\"><strong>Atrav\u00e9s do e- mail: planetaoctogono@gmail.com<\/strong><\/div>\n<div style=\"text-align: center\"><strong>Siga nosso Physicbook &#8211; http:\/\/www.physicbook.com\/social\/usuario\/518006546eb1e\/<\/strong><\/div>\n<div style=\"text-align: center\"><strong>ou http:\/\/www.physicbook.com\/social\/grupos\/518a59c09838c\/<\/strong><\/div>\n<div style=\"text-align: center\"><strong>Siga nosso Twitter &#8211; www.twitter.com\/BrMassami e comente sobre esta not\u00edcia!<\/strong><\/div>\n<div style=\"text-align: center\"><strong>Siga nosso Facebook \u00a0&#8211; http:\/\/www.facebook.com\/PlanetaOctogono<\/strong><\/div>\n","protected":false},"excerpt":{"rendered":"<p>O programa Red Corner est\u00e1 de volta! Com tr\u00eas convidados especiais. Come\u00e7amos pelo lutador brasileiro do evento asi\u00e1tico ONE FC, o campe\u00e3o do DREAM, Bibiano <a class=\"read-more\" href=\"https:\/\/blogs.gazetaesportiva.com\/planeta-octogono\/2013\/05\/30\/ouca-a-setima-edicao-do-red-corner-com-bibiano-fernandes-aline-franzoi-e-andrews-nakahara\/\">leia mais<\/a><\/p>\n","protected":false},"author":33,"featured_media":5844,"comment_status":"open","ping_status":"open","sticky":false,"template":"","format":"standard","meta":{"jetpack_post_was_ever_published":false,"_jetpack_newsletter_access":"","_jetpack_dont_email_post_to_subs":false,"_jetpack_newsletter_tier_id":0,"_jetpack_memberships_contains_paywalled_content":false,"_jetpack_memberships_contains_paid_content":false,"footnotes":"","jetpack_publicize_message":"","jetpack_publicize_feature_enabled":true,"jetpack_social_post_already_shared":false,"jetpack_social_options":{"image_generator_settings":{"template":"highway","default_image_id":0,"font":"","enabled":false},"version":2}},"categories":[1],"tags":[],"class_list":["post-5843","post","type-post","status-publish","format-standard","has-post-thumbnail","hentry","category-principal"],"jetpack_publicize_connections":[],"jetpack_featured_media_url":"https:\/\/blogs.gazetaesportiva.com\/planeta-octogono\/files\/2013\/05\/andrewsnakahara3.jpg","jetpack_sharing_enabled":true,"jetpack_shortlink":"https:\/\/wp.me\/p6rqUQ-1wf","_links":{"self":[{"href":"https:\/\/blogs.gazetaesportiva.com\/planeta-octogono\/wp-json\/wp\/v2\/posts\/5843","targetHints":{"allow":["GET"]}}],"collection":[{"href":"https:\/\/blogs.gazetaesportiva.com\/planeta-octogono\/wp-json\/wp\/v2\/posts"}],"about":[{"href":"https:\/\/blogs.gazetaesportiva.com\/planeta-octogono\/wp-json\/wp\/v2\/types\/post"}],"author":[{"embeddable":true,"href":"https:\/\/blogs.gazetaesportiva.com\/planeta-octogono\/wp-json\/wp\/v2\/users\/33"}],"replies":[{"embeddable":true,"href":"https:\/\/blogs.gazetaesportiva.com\/planeta-octogono\/wp-json\/wp\/v2\/comments?post=5843"}],"version-history":[{"count":0,"href":"https:\/\/blogs.gazetaesportiva.com\/planeta-octogono\/wp-json\/wp\/v2\/posts\/5843\/revisions"}],"wp:featuredmedia":[{"embeddable":true,"href":"https:\/\/blogs.gazetaesportiva.com\/planeta-octogono\/wp-json\/wp\/v2\/media\/5844"}],"wp:attachment":[{"href":"https:\/\/blogs.gazetaesportiva.com\/planeta-octogono\/wp-json\/wp\/v2\/media?parent=5843"}],"wp:term":[{"taxonomy":"category","embeddable":true,"href":"https:\/\/blogs.gazetaesportiva.com\/planeta-octogono\/wp-json\/wp\/v2\/categories?post=5843"},{"taxonomy":"post_tag","embeddable":true,"href":"https:\/\/blogs.gazetaesportiva.com\/planeta-octogono\/wp-json\/wp\/v2\/tags?post=5843"}],"curies":[{"name":"wp","href":"https:\/\/api.w.org\/{rel}","templated":true}]}}