{"id":556,"date":"2012-09-23T16:33:39","date_gmt":"2012-09-23T19:33:39","guid":{"rendered":"https:\/\/blogs.gazetaesportiva.com\/planeta-octogono\/?p=556"},"modified":"2012-09-23T16:33:39","modified_gmt":"2012-09-23T19:33:39","slug":"assista-os-melhores-momentos-do-ufc-152","status":"publish","type":"post","link":"https:\/\/blogs.gazetaesportiva.com\/planeta-octogono\/2012\/09\/23\/assista-os-melhores-momentos-do-ufc-152\/","title":{"rendered":"Assista os melhores momentos do UFC 152"},"content":{"rendered":"<figure id=\"attachment_557\" aria-describedby=\"caption-attachment-557\" style=\"width: 600px\" class=\"wp-caption aligncenter\"><a href=\"https:\/\/blogs.gazetaesportiva.com\/planeta-octogono\/files\/2012\/09\/622684_10151219045371276_1585880204_o.jpg\"><img loading=\"lazy\" decoding=\"async\" class=\"size-full wp-image-557 \" src=\"https:\/\/blogs.gazetaesportiva.com\/planeta-octogono\/files\/2012\/09\/622684_10151219045371276_1585880204_o.jpg\" alt=\"\" width=\"600\" height=\"428\" \/><\/a><figcaption id=\"caption-attachment-557\" class=\"wp-caption-text\">UFC divulga v\u00eddeo de melhores momentos do evento - Foto - Divulga\u00e7\u00e3o UFC<\/figcaption><\/figure>\n<p>Assista os melhores momentos do UFC 152.<\/p>\n<p>O UFC divulgou um v\u00eddeo especial com as melhores lances do evento.<\/p>\n<p>Caso voc\u00ea queira ver com mais detalhes, o site da rede de televis\u00e3o americana FOX, tamb\u00e9m postou dois v\u00eddeos das duas lutas principais.<\/p>\n<p>Links da FOX: \u00a0Jones\/Belfort &#8211; <a href=\"http:\/\/msn.foxsports.com\/video?videoid=88233693-8747-4899-9bcc-efbbe0a6bd77&amp;src=v5%3Ashare%3Asharepermalink%3A&amp;from=sharepermalink\">http:\/\/msn.foxsports.com\/video?videoid=88233693-8747-4899-9bcc-efbbe0a6bd77&amp;src=v5%3Ashare%3Asharepermalink%3A&amp;from=sharepermalink<\/a><\/p>\n<p>Jonhson\/Benavidez &#8211; http:\/\/msn.foxsports.com\/video?videoid=10d4da2c-b1f2-44fd-b0e7-8226f1edee8e&amp;src=v5:share:sharepermalink:&amp;from=sharepermalink<\/p>\n<p style=\"text-align: center\"><strong><br \/>\n<\/strong><\/p>\n<p style=\"text-align: center\"><strong>Veja os melhores momentos do UFC 152:<\/strong><\/p>\n<p style=\"text-align: center\"><strong>[yframe url=&#8217;http:\/\/www.youtube.com\/watch?v=aDMU1uFM1MM&#8217;]<\/strong><\/p>\n","protected":false},"excerpt":{"rendered":"<p>Assista os melhores momentos do UFC 152. O UFC divulgou um v\u00eddeo especial com as melhores lances do evento. Caso voc\u00ea queira ver com mais <a class=\"read-more\" href=\"https:\/\/blogs.gazetaesportiva.com\/planeta-octogono\/2012\/09\/23\/assista-os-melhores-momentos-do-ufc-152\/\">leia mais<\/a><\/p>\n","protected":false},"author":33,"featured_media":557,"comment_status":"open","ping_status":"open","sticky":false,"template":"","format":"standard","meta":{"jetpack_post_was_ever_published":false,"_jetpack_newsletter_access":"","_jetpack_dont_email_post_to_subs":false,"_jetpack_newsletter_tier_id":0,"_jetpack_memberships_contains_paywalled_content":false,"_jetpack_memberships_contains_paid_content":false,"footnotes":"","jetpack_publicize_message":"","jetpack_publicize_feature_enabled":true,"jetpack_social_post_already_shared":false,"jetpack_social_options":{"image_generator_settings":{"template":"highway","default_image_id":0,"font":"","enabled":false},"version":2}},"categories":[1],"tags":[],"class_list":["post-556","post","type-post","status-publish","format-standard","has-post-thumbnail","hentry","category-principal"],"jetpack_publicize_connections":[],"jetpack_featured_media_url":"https:\/\/blogs.gazetaesportiva.com\/planeta-octogono\/files\/2012\/09\/622684_10151219045371276_1585880204_o.jpg","jetpack_sharing_enabled":true,"jetpack_shortlink":"https:\/\/wp.me\/p6rqUQ-8Y","_links":{"self":[{"href":"https:\/\/blogs.gazetaesportiva.com\/planeta-octogono\/wp-json\/wp\/v2\/posts\/556","targetHints":{"allow":["GET"]}}],"collection":[{"href":"https:\/\/blogs.gazetaesportiva.com\/planeta-octogono\/wp-json\/wp\/v2\/posts"}],"about":[{"href":"https:\/\/blogs.gazetaesportiva.com\/planeta-octogono\/wp-json\/wp\/v2\/types\/post"}],"author":[{"embeddable":true,"href":"https:\/\/blogs.gazetaesportiva.com\/planeta-octogono\/wp-json\/wp\/v2\/users\/33"}],"replies":[{"embeddable":true,"href":"https:\/\/blogs.gazetaesportiva.com\/planeta-octogono\/wp-json\/wp\/v2\/comments?post=556"}],"version-history":[{"count":0,"href":"https:\/\/blogs.gazetaesportiva.com\/planeta-octogono\/wp-json\/wp\/v2\/posts\/556\/revisions"}],"wp:featuredmedia":[{"embeddable":true,"href":"https:\/\/blogs.gazetaesportiva.com\/planeta-octogono\/wp-json\/wp\/v2\/media\/557"}],"wp:attachment":[{"href":"https:\/\/blogs.gazetaesportiva.com\/planeta-octogono\/wp-json\/wp\/v2\/media?parent=556"}],"wp:term":[{"taxonomy":"category","embeddable":true,"href":"https:\/\/blogs.gazetaesportiva.com\/planeta-octogono\/wp-json\/wp\/v2\/categories?post=556"},{"taxonomy":"post_tag","embeddable":true,"href":"https:\/\/blogs.gazetaesportiva.com\/planeta-octogono\/wp-json\/wp\/v2\/tags?post=556"}],"curies":[{"name":"wp","href":"https:\/\/api.w.org\/{rel}","templated":true}]}}