{"id":5152,"date":"2013-05-02T12:49:53","date_gmt":"2013-05-02T15:49:53","guid":{"rendered":"https:\/\/blogs.gazetaesportiva.com\/planeta-octogono\/?p=5152"},"modified":"2013-05-02T12:53:23","modified_gmt":"2013-05-02T15:53:23","slug":"danilo-zanolini-conta-processo-pos-pesagem-do-glory-e-manda-recado-para-torcida","status":"publish","type":"post","link":"https:\/\/blogs.gazetaesportiva.com\/planeta-octogono\/2013\/05\/02\/danilo-zanolini-conta-processo-pos-pesagem-do-glory-e-manda-recado-para-torcida\/","title":{"rendered":"Danilo Zanolini, conta processo p\u00f3s pesagem do GLORY e manda recado para torcida"},"content":{"rendered":"<figure id=\"attachment_1838\" aria-describedby=\"caption-attachment-1838\" style=\"width: 343px\" class=\"wp-caption aligncenter\"><a href=\"https:\/\/blogs.gazetaesportiva.com\/planeta-octogono\/files\/2012\/11\/danilozanolini2.jpg\"><img loading=\"lazy\" decoding=\"async\" class=\"size-full wp-image-1838 \" src=\"https:\/\/blogs.gazetaesportiva.com\/planeta-octogono\/files\/2012\/11\/danilozanolini2.jpg\" alt=\"\" width=\"343\" height=\"432\" \/><\/a><figcaption id=\"caption-attachment-1838\" class=\"wp-caption-text\">Danilo Zanolini conta sobre recupera\u00e7\u00e3o ap\u00f3s perda de peso - Foto - Arquivo Pessoal<\/figcaption><\/figure>\n<p>Ap\u00f3s a pesagem do GLORY 8, que aconteceu nesta quinta feira, no Jap\u00e3o, o brasileiro Danilo Zanolini, que enfrenta Yu Hirono na edi\u00e7\u00e3o, nesta sexta feira, contou sobre o processo de recupera\u00e7\u00e3o de peso.<\/p>\n<p>Danilo, que precisou perder 10 kg, em 2 semanas, diz como est\u00e1 cuidando do corpo ap\u00f3s a a pesagem.<\/p>\n<p>Al\u00e9m disso, o lutador conta sobre seus planos, e manda um recado a torcida brasileira.<\/p>\n<p style=\"text-align: center\"><strong>Veja a entrevista p\u00f3s pesagem de Danilo Zanolini:<\/strong><\/p>\n<p style=\"text-align: center\"><strong>[yframe url=&#8217;http:\/\/www.youtube.com\/watch?v=9XREzHh5QmY&#8217;]<\/strong><\/p>\n<p style=\"text-align: center\"><strong><br \/>\n<\/strong><\/p>\n<p style=\"text-align: center\"><strong>Veja pesagem de Danilo no GLORY 8:<\/strong><\/p>\n<p style=\"text-align: center\"><strong>[yframe url=&#8217;http:\/\/www.youtube.com\/watch?v=m_Y8rjXTXlk&#8217;] <\/strong><\/p>\n","protected":false},"excerpt":{"rendered":"<p>Ap\u00f3s a pesagem do GLORY 8, que aconteceu nesta quinta feira, no Jap\u00e3o, o brasileiro Danilo Zanolini, que enfrenta Yu Hirono na edi\u00e7\u00e3o, nesta sexta <a class=\"read-more\" href=\"https:\/\/blogs.gazetaesportiva.com\/planeta-octogono\/2013\/05\/02\/danilo-zanolini-conta-processo-pos-pesagem-do-glory-e-manda-recado-para-torcida\/\">leia mais<\/a><\/p>\n","protected":false},"author":33,"featured_media":0,"comment_status":"open","ping_status":"open","sticky":false,"template":"","format":"standard","meta":{"jetpack_post_was_ever_published":false,"_jetpack_newsletter_access":"","_jetpack_dont_email_post_to_subs":false,"_jetpack_newsletter_tier_id":0,"_jetpack_memberships_contains_paywalled_content":false,"_jetpack_memberships_contains_paid_content":false,"footnotes":"","jetpack_publicize_message":"","jetpack_publicize_feature_enabled":true,"jetpack_social_post_already_shared":false,"jetpack_social_options":{"image_generator_settings":{"template":"highway","default_image_id":0,"font":"","enabled":false},"version":2}},"categories":[1],"tags":[],"class_list":["post-5152","post","type-post","status-publish","format-standard","hentry","category-principal"],"jetpack_publicize_connections":[],"jetpack_featured_media_url":"","jetpack_sharing_enabled":true,"jetpack_shortlink":"https:\/\/wp.me\/p6rqUQ-1l6","_links":{"self":[{"href":"https:\/\/blogs.gazetaesportiva.com\/planeta-octogono\/wp-json\/wp\/v2\/posts\/5152","targetHints":{"allow":["GET"]}}],"collection":[{"href":"https:\/\/blogs.gazetaesportiva.com\/planeta-octogono\/wp-json\/wp\/v2\/posts"}],"about":[{"href":"https:\/\/blogs.gazetaesportiva.com\/planeta-octogono\/wp-json\/wp\/v2\/types\/post"}],"author":[{"embeddable":true,"href":"https:\/\/blogs.gazetaesportiva.com\/planeta-octogono\/wp-json\/wp\/v2\/users\/33"}],"replies":[{"embeddable":true,"href":"https:\/\/blogs.gazetaesportiva.com\/planeta-octogono\/wp-json\/wp\/v2\/comments?post=5152"}],"version-history":[{"count":0,"href":"https:\/\/blogs.gazetaesportiva.com\/planeta-octogono\/wp-json\/wp\/v2\/posts\/5152\/revisions"}],"wp:attachment":[{"href":"https:\/\/blogs.gazetaesportiva.com\/planeta-octogono\/wp-json\/wp\/v2\/media?parent=5152"}],"wp:term":[{"taxonomy":"category","embeddable":true,"href":"https:\/\/blogs.gazetaesportiva.com\/planeta-octogono\/wp-json\/wp\/v2\/categories?post=5152"},{"taxonomy":"post_tag","embeddable":true,"href":"https:\/\/blogs.gazetaesportiva.com\/planeta-octogono\/wp-json\/wp\/v2\/tags?post=5152"}],"curies":[{"name":"wp","href":"https:\/\/api.w.org\/{rel}","templated":true}]}}