{"id":5148,"date":"2013-05-02T12:44:44","date_gmt":"2013-05-02T15:44:44","guid":{"rendered":"https:\/\/blogs.gazetaesportiva.com\/planeta-octogono\/?p=5148"},"modified":"2013-05-02T18:20:06","modified_gmt":"2013-05-02T21:20:06","slug":"ufc-pode-sediar-evento-em-porto-alegre-no-lugar-de-brasilia","status":"publish","type":"post","link":"https:\/\/blogs.gazetaesportiva.com\/planeta-octogono\/2013\/05\/02\/ufc-pode-sediar-evento-em-porto-alegre-no-lugar-de-brasilia\/","title":{"rendered":"UFC pode sediar evento em Porto Alegre no lugar de Bras\u00edlia"},"content":{"rendered":"<figure id=\"attachment_5079\" aria-describedby=\"caption-attachment-5079\" style=\"width: 496px\" class=\"wp-caption aligncenter\"><a href=\"https:\/\/blogs.gazetaesportiva.com\/planeta-octogono\/files\/2013\/04\/Nilson-Nelson.jpg\"><img loading=\"lazy\" decoding=\"async\" class=\"size-full wp-image-5079 \" src=\"https:\/\/blogs.gazetaesportiva.com\/planeta-octogono\/files\/2013\/04\/Nilson-Nelson.jpg\" alt=\"\" width=\"496\" height=\"279\" \/><\/a><figcaption id=\"caption-attachment-5079\" class=\"wp-caption-text\">Gin\u00e1sio Nilson Nelson pode ter trocado por Gigantinho - Divulga\u00e7\u00e3o Gin\u00e1sio Nilson Nelson<\/figcaption><\/figure>\n<p>O UFC pode desembarcar pela segunda vez neste ano, no sul do Brasil.<\/p>\n<p>Segundo o site Sportv, a cidade de Porto Alegre, capital do Rio Grande do Sul, pode receber o evento no lugar de Bras\u00edlia, como havia sido noticiado pela Revista Tatame.<\/p>\n<p>O evento estaria 90% fechado segundo fontes ligadas ao evento, que contaram que o acordo pode ser fechado, ap\u00f3s problemas burocr\u00e1ticos serem resolvidos, o evento ir\u00e1 acontecer no dia 4 de setembro.<\/p>\n<p>Outra sede que tamb\u00e9m pode ser confirmada, \u00e9 a do UFC 163, que est\u00e1 perto da cidade do Rio de Janeiro, no dia 3 de agosto.<\/p>\n<p>Caso a not\u00edcia se confirme, ser\u00e1 a segunda vez neste ano, que o Ultimate realiza uma edi\u00e7\u00e3o no sul do pa\u00eds, ap\u00f3s a pr\u00f3xima edi\u00e7\u00e3o do UFC, que acontece em Jaragu\u00e1 do Sul, no dia 18 de maio.<\/p>\n","protected":false},"excerpt":{"rendered":"<p>O UFC pode desembarcar pela segunda vez neste ano, no sul do Brasil. Segundo o site Sportv, a cidade de Porto Alegre, capital do Rio <a class=\"read-more\" href=\"https:\/\/blogs.gazetaesportiva.com\/planeta-octogono\/2013\/05\/02\/ufc-pode-sediar-evento-em-porto-alegre-no-lugar-de-brasilia\/\">leia mais<\/a><\/p>\n","protected":false},"author":33,"featured_media":0,"comment_status":"open","ping_status":"open","sticky":false,"template":"","format":"standard","meta":{"jetpack_post_was_ever_published":false,"_jetpack_newsletter_access":"","_jetpack_dont_email_post_to_subs":false,"_jetpack_newsletter_tier_id":0,"_jetpack_memberships_contains_paywalled_content":false,"_jetpack_memberships_contains_paid_content":false,"footnotes":"","jetpack_publicize_message":"","jetpack_publicize_feature_enabled":true,"jetpack_social_post_already_shared":false,"jetpack_social_options":{"image_generator_settings":{"template":"highway","default_image_id":0,"font":"","enabled":false},"version":2}},"categories":[1],"tags":[],"class_list":["post-5148","post","type-post","status-publish","format-standard","hentry","category-principal"],"jetpack_publicize_connections":[],"jetpack_featured_media_url":"","jetpack_sharing_enabled":true,"jetpack_shortlink":"https:\/\/wp.me\/p6rqUQ-1l2","_links":{"self":[{"href":"https:\/\/blogs.gazetaesportiva.com\/planeta-octogono\/wp-json\/wp\/v2\/posts\/5148","targetHints":{"allow":["GET"]}}],"collection":[{"href":"https:\/\/blogs.gazetaesportiva.com\/planeta-octogono\/wp-json\/wp\/v2\/posts"}],"about":[{"href":"https:\/\/blogs.gazetaesportiva.com\/planeta-octogono\/wp-json\/wp\/v2\/types\/post"}],"author":[{"embeddable":true,"href":"https:\/\/blogs.gazetaesportiva.com\/planeta-octogono\/wp-json\/wp\/v2\/users\/33"}],"replies":[{"embeddable":true,"href":"https:\/\/blogs.gazetaesportiva.com\/planeta-octogono\/wp-json\/wp\/v2\/comments?post=5148"}],"version-history":[{"count":0,"href":"https:\/\/blogs.gazetaesportiva.com\/planeta-octogono\/wp-json\/wp\/v2\/posts\/5148\/revisions"}],"wp:attachment":[{"href":"https:\/\/blogs.gazetaesportiva.com\/planeta-octogono\/wp-json\/wp\/v2\/media?parent=5148"}],"wp:term":[{"taxonomy":"category","embeddable":true,"href":"https:\/\/blogs.gazetaesportiva.com\/planeta-octogono\/wp-json\/wp\/v2\/categories?post=5148"},{"taxonomy":"post_tag","embeddable":true,"href":"https:\/\/blogs.gazetaesportiva.com\/planeta-octogono\/wp-json\/wp\/v2\/tags?post=5148"}],"curies":[{"name":"wp","href":"https:\/\/api.w.org\/{rel}","templated":true}]}}