{"id":5136,"date":"2013-05-01T07:36:47","date_gmt":"2013-05-01T10:36:47","guid":{"rendered":"https:\/\/blogs.gazetaesportiva.com\/planeta-octogono\/?p=5136"},"modified":"2013-05-01T07:38:32","modified_gmt":"2013-05-01T10:38:32","slug":"thales-leites-esta-de-volta-ao-mma-e-saiba-de-tudo-sobre-o-glory-8-e-wgp-kickboxing-no-red-corner","status":"publish","type":"post","link":"https:\/\/blogs.gazetaesportiva.com\/planeta-octogono\/2013\/05\/01\/thales-leites-esta-de-volta-ao-mma-e-saiba-de-tudo-sobre-o-glory-8-e-wgp-kickboxing-no-red-corner\/","title":{"rendered":"Thales Leites est\u00e1 de volta ao MMA e saiba de tudo sobre o GLORY 8 e WGP Kickboxing no Red Corner"},"content":{"rendered":"<figure id=\"attachment_4122\" aria-describedby=\"caption-attachment-4122\" style=\"width: 576px\" class=\"wp-caption aligncenter\"><a href=\"https:\/\/blogs.gazetaesportiva.com\/planeta-octogono\/files\/2013\/03\/banner-redcorner-1.png\"><img loading=\"lazy\" decoding=\"async\" class=\"size-full wp-image-4122  \" src=\"https:\/\/blogs.gazetaesportiva.com\/planeta-octogono\/files\/2013\/03\/banner-redcorner-1.png\" alt=\"\" width=\"576\" height=\"384\" \/><\/a><figcaption id=\"caption-attachment-4122\" class=\"wp-caption-text\">Programa volta com 3 convidados especiais - Arte Planeta Oct\u00f3gono\/Ataque Total<\/figcaption><\/figure>\n<figure id=\"attachment_5103\" aria-describedby=\"caption-attachment-5103\" style=\"width: 208px\" class=\"wp-caption alignleft\"><a href=\"https:\/\/blogs.gazetaesportiva.com\/planeta-octogono\/files\/2013\/04\/marcusviniciusglory.jpg\"><img loading=\"lazy\" decoding=\"async\" class=\"size-full wp-image-5103   \" src=\"https:\/\/blogs.gazetaesportiva.com\/planeta-octogono\/files\/2013\/04\/marcusviniciusglory.jpg\" alt=\"\" width=\"208\" height=\"155\" \/><\/a><figcaption id=\"caption-attachment-5103\" class=\"wp-caption-text\">Marcus Vinicius (centro) est\u00e1 pronto para estr\u00e9ia em evento - Bruno Massami<\/figcaption><\/figure>\n<p>O programa <strong>Red Corner <\/strong>est\u00e1 de volta!<\/p>\n<p>Em parceria com os sites Ataque Total, Chico Lang Press, a sexta edi\u00e7\u00e3o tem tr\u00eas grandes convidados.<\/p>\n<p>Em sua sexta edi\u00e7\u00e3o, o lutador <strong>Marcus Vinicius<\/strong>, brasileiro que participa da oitava edi\u00e7\u00e3o do GLORY, maior evento de kickboxing do mundo, conta como est\u00e1 sua prepara\u00e7\u00e3o para o torneio at\u00e9 65 kg.<\/p>\n<p>O lutador contou como foi sua chegada e adapta\u00e7\u00e3o, para o combate devido ao fuso hor\u00e1rio japon\u00eas.<\/p>\n<p>Na segunda parte,<strong> Paulo &#8220;Paulinho&#8221; Zorello<\/strong>, representante do WGP Kickboxing, a maior organiza\u00e7\u00e3o do Brasil na modalidade, contou os planos do evento para 2013.<\/p>\n<figure id=\"attachment_5137\" aria-describedby=\"caption-attachment-5137\" style=\"width: 174px\" class=\"wp-caption alignright\"><a href=\"https:\/\/blogs.gazetaesportiva.com\/planeta-octogono\/files\/2013\/05\/thalesleites.jpg\"><img loading=\"lazy\" decoding=\"async\" class=\"size-full wp-image-5137  \" src=\"https:\/\/blogs.gazetaesportiva.com\/planeta-octogono\/files\/2013\/05\/thalesleites.jpg\" alt=\"\" width=\"174\" height=\"209\" \/><\/a><figcaption id=\"caption-attachment-5137\" class=\"wp-caption-text\">Thales Leites conta que est\u00e1 pr\u00f3ximo de volta ao MMA - Arquivo Pessoal<\/figcaption><\/figure>\n<p>Paulinho, tamb\u00e9m analisou o GLORY, e as futuras chances de parcerias, e sobre novas edi\u00e7\u00f5es do WGP no pa\u00eds.<\/p>\n<figure id=\"attachment_5138\" aria-describedby=\"caption-attachment-5138\" style=\"width: 208px\" class=\"wp-caption alignleft\"><a href=\"https:\/\/blogs.gazetaesportiva.com\/planeta-octogono\/files\/2013\/05\/paulozorello.jpg\"><img loading=\"lazy\" decoding=\"async\" class=\"size-full wp-image-5138   \" src=\"https:\/\/blogs.gazetaesportiva.com\/planeta-octogono\/files\/2013\/05\/paulozorello.jpg\" alt=\"\" width=\"208\" height=\"133\" \/><\/a><figcaption id=\"caption-attachment-5138\" class=\"wp-caption-text\">Representante do WGP Kickboxing conta planos para 2013 - Arquivo Pessoal<\/figcaption><\/figure>\n<p>E para fechar o programa, o lutador<strong> Thales Leites<\/strong>, lutador de Jiu Jitsu e de MMA, conta como foi o per\u00edodo que esteve se recuperando de uma grave les\u00e3o no joelho.<\/p>\n<p>Al\u00e9m disso, o lutador falou sobre seus planos para o MMA, e tamb\u00e9m contou como anda os treinos de Jos\u00e9 Aldo e Renan Bar\u00e3o para seus futuros combates.<\/p>\n<p>Thales aproveitou para contar sua vis\u00e3o do MMA no pa\u00eds, ap\u00f3s o grande crescimento do esporte, nas grandes m\u00eddias.<\/p>\n<p style=\"text-align: center\"><strong>Ou\u00e7a a sexta edi\u00e7\u00e3o do programa Red Corner:<\/strong><\/p>\n<p style=\"text-align: center\"><strong>[yframe url=&#8217;http:\/\/www.youtube.com\/watch?v=z66xAxmSDq4&#8242;]<\/strong><\/p>\n<p style=\"text-align: center\"><strong><br \/>\n<\/strong><\/p>\n<p style=\"text-align: center\">\n<div style=\"text-align: center\"><strong>Comente esta not\u00edcia, ou entre em contato conosco, para tirar d\u00favidas e nos ajudar a fazer este blog cada vez melhor.<\/strong><\/div>\n<div style=\"text-align: center\"><strong>Atrav\u00e9s do e- mail: planetaoctogono@gmail.com<\/strong><\/div>\n<div style=\"text-align: center\"><strong><br \/>\n<\/strong><\/div>\n<div style=\"text-align: center\"><strong>Siga nosso Twitter &#8211; www.twitter.com\/BrMassami e comente sobre esta not\u00edcia!<\/strong><\/div>\n<div style=\"text-align: center\"><strong>Siga nosso Facebook \u00a0&#8211; http:\/\/www.facebook.com\/PlanetaOctogono<\/strong><\/div>\n","protected":false},"excerpt":{"rendered":"<p>O programa Red Corner est\u00e1 de volta! Em parceria com os sites Ataque Total, Chico Lang Press, a sexta edi\u00e7\u00e3o tem tr\u00eas grandes convidados. Em <a class=\"read-more\" href=\"https:\/\/blogs.gazetaesportiva.com\/planeta-octogono\/2013\/05\/01\/thales-leites-esta-de-volta-ao-mma-e-saiba-de-tudo-sobre-o-glory-8-e-wgp-kickboxing-no-red-corner\/\">leia mais<\/a><\/p>\n","protected":false},"author":33,"featured_media":5137,"comment_status":"open","ping_status":"open","sticky":false,"template":"","format":"standard","meta":{"jetpack_post_was_ever_published":false,"_jetpack_newsletter_access":"","_jetpack_dont_email_post_to_subs":false,"_jetpack_newsletter_tier_id":0,"_jetpack_memberships_contains_paywalled_content":false,"_jetpack_memberships_contains_paid_content":false,"footnotes":"","jetpack_publicize_message":"","jetpack_publicize_feature_enabled":true,"jetpack_social_post_already_shared":false,"jetpack_social_options":{"image_generator_settings":{"template":"highway","default_image_id":0,"font":"","enabled":false},"version":2}},"categories":[1],"tags":[],"class_list":["post-5136","post","type-post","status-publish","format-standard","has-post-thumbnail","hentry","category-principal"],"jetpack_publicize_connections":[],"jetpack_featured_media_url":"https:\/\/blogs.gazetaesportiva.com\/planeta-octogono\/files\/2013\/05\/thalesleites.jpg","jetpack_sharing_enabled":true,"jetpack_shortlink":"https:\/\/wp.me\/p6rqUQ-1kQ","_links":{"self":[{"href":"https:\/\/blogs.gazetaesportiva.com\/planeta-octogono\/wp-json\/wp\/v2\/posts\/5136","targetHints":{"allow":["GET"]}}],"collection":[{"href":"https:\/\/blogs.gazetaesportiva.com\/planeta-octogono\/wp-json\/wp\/v2\/posts"}],"about":[{"href":"https:\/\/blogs.gazetaesportiva.com\/planeta-octogono\/wp-json\/wp\/v2\/types\/post"}],"author":[{"embeddable":true,"href":"https:\/\/blogs.gazetaesportiva.com\/planeta-octogono\/wp-json\/wp\/v2\/users\/33"}],"replies":[{"embeddable":true,"href":"https:\/\/blogs.gazetaesportiva.com\/planeta-octogono\/wp-json\/wp\/v2\/comments?post=5136"}],"version-history":[{"count":0,"href":"https:\/\/blogs.gazetaesportiva.com\/planeta-octogono\/wp-json\/wp\/v2\/posts\/5136\/revisions"}],"wp:featuredmedia":[{"embeddable":true,"href":"https:\/\/blogs.gazetaesportiva.com\/planeta-octogono\/wp-json\/wp\/v2\/media\/5137"}],"wp:attachment":[{"href":"https:\/\/blogs.gazetaesportiva.com\/planeta-octogono\/wp-json\/wp\/v2\/media?parent=5136"}],"wp:term":[{"taxonomy":"category","embeddable":true,"href":"https:\/\/blogs.gazetaesportiva.com\/planeta-octogono\/wp-json\/wp\/v2\/categories?post=5136"},{"taxonomy":"post_tag","embeddable":true,"href":"https:\/\/blogs.gazetaesportiva.com\/planeta-octogono\/wp-json\/wp\/v2\/tags?post=5136"}],"curies":[{"name":"wp","href":"https:\/\/api.w.org\/{rel}","templated":true}]}}