{"id":5130,"date":"2013-05-01T03:54:17","date_gmt":"2013-05-01T06:54:17","guid":{"rendered":"https:\/\/blogs.gazetaesportiva.com\/planeta-octogono\/?p=5130"},"modified":"2013-05-01T03:54:17","modified_gmt":"2013-05-01T06:54:17","slug":"chael-sonnen-desafia-wanderlei-silva-e-diz-que-ira-continuar-carreira-no-mma","status":"publish","type":"post","link":"https:\/\/blogs.gazetaesportiva.com\/planeta-octogono\/2013\/05\/01\/chael-sonnen-desafia-wanderlei-silva-e-diz-que-ira-continuar-carreira-no-mma\/","title":{"rendered":"Chael Sonnen desafia Wanderlei Silva e diz que ir\u00e1 continuar carreira no MMA"},"content":{"rendered":"<figure id=\"attachment_3114\" aria-describedby=\"caption-attachment-3114\" style=\"width: 574px\" class=\"wp-caption aligncenter\"><a href=\"https:\/\/blogs.gazetaesportiva.com\/planeta-octogono\/files\/2013\/01\/1086_18.58.2013_18440_ef_20120424-1.jpg\"><img loading=\"lazy\" decoding=\"async\" class=\"size-full wp-image-3114     \" src=\"https:\/\/blogs.gazetaesportiva.com\/planeta-octogono\/files\/2013\/01\/1086_18.58.2013_18440_ef_20120424-1.jpg\" alt=\"\" width=\"574\" height=\"395\" \/><\/a><figcaption id=\"caption-attachment-3114\" class=\"wp-caption-text\">Lutador desafia Wanderlei para combate - Wander Roberto\/Inovafoto<\/figcaption><\/figure>\n<p>Ap\u00f3s deixar a comunidade do MMA, com d\u00favidas em seu \u00faltimo discurso, o lutador Chael Sonnen voltou a desafiar um lutador brasileiro.<\/p>\n<p>Depois de perder duas vezes para Anderson Silva, e ser dominado por Jon Jones, Sonnen quer enfrentar Wanderlei Silva no UFC.<\/p>\n<p>Segundo o americano, o lutador e Wanderlei tem assuntos para resolver e por este motivo o combate tem um sentido.<\/p>\n<p>&#8220;Eu n\u00e3o vou a lugar nenhum at\u00e9 que eu e Wanderlei acertemos as contas de uma vez por todas.&#8221; disse Sonnen no programa americano UFC Tonight, sendo que o lutador cita uma conversa entre o americano e Wanderlei que aconteceu em 2010.<\/p>\n<p>No ano, Sonnen estava procurando enfrentar Anderson Silva novamente, e fez v\u00e1rios ataques a muitos lutadores.<\/p>\n<p>Numa conversa gravada por um amigo de Wanderlei, o brasileiro chamou a aten\u00e7\u00e3o do americano, e o v\u00eddeo \u00e9 um dos mais conhecidos dos f\u00e3s do MMA.<\/p>\n<p>&#8220;Ele me provocou antes, e eu j\u00e1 o provoquei, mas a luta nunca fez sentido.<\/p>\n<p>Eu estava lutando pelo t\u00edtulo, e ele era apenas um cara no card. Agora, acho que essa luta faz um pouco mais de sentido.&#8221; disse o americano, que admite estar longe de uma disputa de cintur\u00e3o.<\/p>\n<p>Ao saber da not\u00edcia, Wanderlei se pronunciou atrav\u00e9s de seu Twitter oficial, o lutador pego de surpresa com o desafio, apenas colocou o nome de Sonnen e um s\u00edmbolo de interroga\u00e7\u00e3o, sem se pronunciar a respeito.<\/p>\n<p style=\"text-align: center\"><strong>Veja o famoso v\u00eddeo de Wanderlei Silva chamando a aten\u00e7\u00e3o de Sonnen:<\/strong><\/p>\n<p style=\"text-align: center\"><strong>[yframe url=&#8217;http:\/\/www.youtube.com\/watch?v=i3UPsCxrZgo&#8217;]<\/strong><\/p>\n<p style=\"text-align: center\"><strong><br \/>\n<\/strong><\/p>\n<p style=\"text-align: center\">\n<div style=\"text-align: center\"><strong>Comente esta not\u00edcia, ou entre em contato conosco, para tirar d\u00favidas e nos ajudar a fazer este blog cada vez melhor.<\/strong><\/div>\n<div style=\"text-align: center\"><strong>Atrav\u00e9s do e- mail: planetaoctogono@gmail.com<\/strong><\/div>\n<div style=\"text-align: center\"><strong><br \/>\n<\/strong><\/div>\n<div style=\"text-align: center\"><strong>Siga nosso Twitter &#8211; www.twitter.com\/BrMassami e comente sobre esta not\u00edcia!<\/strong><\/div>\n<div style=\"text-align: center\"><strong>Siga nosso Facebook \u00a0&#8211; http:\/\/www.facebook.com\/PlanetaOctogono<\/strong><\/div>\n","protected":false},"excerpt":{"rendered":"<p>Ap\u00f3s deixar a comunidade do MMA, com d\u00favidas em seu \u00faltimo discurso, o lutador Chael Sonnen voltou a desafiar um lutador brasileiro. Depois de perder <a class=\"read-more\" href=\"https:\/\/blogs.gazetaesportiva.com\/planeta-octogono\/2013\/05\/01\/chael-sonnen-desafia-wanderlei-silva-e-diz-que-ira-continuar-carreira-no-mma\/\">leia mais<\/a><\/p>\n","protected":false},"author":33,"featured_media":0,"comment_status":"open","ping_status":"open","sticky":false,"template":"","format":"standard","meta":{"jetpack_post_was_ever_published":false,"_jetpack_newsletter_access":"","_jetpack_dont_email_post_to_subs":false,"_jetpack_newsletter_tier_id":0,"_jetpack_memberships_contains_paywalled_content":false,"_jetpack_memberships_contains_paid_content":false,"footnotes":"","jetpack_publicize_message":"","jetpack_publicize_feature_enabled":true,"jetpack_social_post_already_shared":false,"jetpack_social_options":{"image_generator_settings":{"template":"highway","default_image_id":0,"font":"","enabled":false},"version":2}},"categories":[1],"tags":[],"class_list":["post-5130","post","type-post","status-publish","format-standard","hentry","category-principal"],"jetpack_publicize_connections":[],"jetpack_featured_media_url":"","jetpack_sharing_enabled":true,"jetpack_shortlink":"https:\/\/wp.me\/p6rqUQ-1kK","_links":{"self":[{"href":"https:\/\/blogs.gazetaesportiva.com\/planeta-octogono\/wp-json\/wp\/v2\/posts\/5130","targetHints":{"allow":["GET"]}}],"collection":[{"href":"https:\/\/blogs.gazetaesportiva.com\/planeta-octogono\/wp-json\/wp\/v2\/posts"}],"about":[{"href":"https:\/\/blogs.gazetaesportiva.com\/planeta-octogono\/wp-json\/wp\/v2\/types\/post"}],"author":[{"embeddable":true,"href":"https:\/\/blogs.gazetaesportiva.com\/planeta-octogono\/wp-json\/wp\/v2\/users\/33"}],"replies":[{"embeddable":true,"href":"https:\/\/blogs.gazetaesportiva.com\/planeta-octogono\/wp-json\/wp\/v2\/comments?post=5130"}],"version-history":[{"count":0,"href":"https:\/\/blogs.gazetaesportiva.com\/planeta-octogono\/wp-json\/wp\/v2\/posts\/5130\/revisions"}],"wp:attachment":[{"href":"https:\/\/blogs.gazetaesportiva.com\/planeta-octogono\/wp-json\/wp\/v2\/media?parent=5130"}],"wp:term":[{"taxonomy":"category","embeddable":true,"href":"https:\/\/blogs.gazetaesportiva.com\/planeta-octogono\/wp-json\/wp\/v2\/categories?post=5130"},{"taxonomy":"post_tag","embeddable":true,"href":"https:\/\/blogs.gazetaesportiva.com\/planeta-octogono\/wp-json\/wp\/v2\/tags?post=5130"}],"curies":[{"name":"wp","href":"https:\/\/api.w.org\/{rel}","templated":true}]}}