{"id":5083,"date":"2013-04-29T00:08:39","date_gmt":"2013-04-29T03:08:39","guid":{"rendered":"https:\/\/blogs.gazetaesportiva.com\/planeta-octogono\/?p=5083"},"modified":"2013-04-29T00:08:39","modified_gmt":"2013-04-29T03:08:39","slug":"demian-maia-pode-enfrentar-josh-koscheck-no-ufc-163","status":"publish","type":"post","link":"https:\/\/blogs.gazetaesportiva.com\/planeta-octogono\/2013\/04\/29\/demian-maia-pode-enfrentar-josh-koscheck-no-ufc-163\/","title":{"rendered":"Demian Maia pode enfrentar Josh Koscheck no UFC 163"},"content":{"rendered":"<figure id=\"attachment_1595\" aria-describedby=\"caption-attachment-1595\" style=\"width: 500px\" class=\"wp-caption aligncenter\"><a href=\"https:\/\/blogs.gazetaesportiva.com\/planeta-octogono\/files\/2012\/11\/DemianMaia_Headshot.png\"><img loading=\"lazy\" decoding=\"async\" class=\"size-full wp-image-1595\" src=\"https:\/\/blogs.gazetaesportiva.com\/planeta-octogono\/files\/2012\/11\/DemianMaia_Headshot.png\" alt=\"\" width=\"500\" height=\"325\" \/><\/a><figcaption id=\"caption-attachment-1595\" class=\"wp-caption-text\">Demian Maia pode enfrentar americano no UFC - Divulga\u00e7\u00e3o UFC<\/figcaption><\/figure>\n<p>Mais um combate pode ser confirmado para o UFC 163.<\/p>\n<p>Segundo o site News MMA, o paulista Demian Maia, est\u00e1 pr\u00f3ximo de enfrentar o americano Josh Koscheck.<\/p>\n<p>O combate pode acontecer no UFC 163, que est\u00e1 cotado para acontecer no Rio de Janeiro.<\/p>\n<p>A organiza\u00e7\u00e3o ainda n\u00e3o confirmou o combate, por\u00e9m o lutador revelou que est\u00e1 pr\u00f3ximo de uma defini\u00e7\u00e3o.<\/p>\n<p>&#8220;N\u00e3o posso comentar, mas est\u00e1 quase fechado. Acho que na pr\u00f3xima semana, talvez at\u00e9 j\u00e1 nessa segunda-feira, vamos saber.<\/p>\n<p>A possibilidade de ser no Rio \u00e9 gigante.&#8221; disse Demian, em entrevista ao programa de r\u00e1dio &#8220;Mundo da Luta&#8221;.<\/p>\n<p>Demian vem de vit\u00f3ria no UFC 156, sobre Jon Fitch e vem de tr\u00eas vit\u00f3rias consecutivas.<\/p>\n<p>J\u00e1 Josh, vem de derrota para Robbie Lawler no UFC 157.<\/p>\n<div style=\"text-align: center\"><strong>Comente esta not\u00edcia, ou entre em contato conosco, para tirar d\u00favidas e nos ajudar a fazer este blog cada vez melhor.<\/strong><\/div>\n<div style=\"text-align: center\"><strong>Atrav\u00e9s do e- mail: planetaoctogono@gmail.com<\/strong><\/div>\n<div style=\"text-align: center\"><strong><br \/>\n<\/strong><\/div>\n<div style=\"text-align: center\"><strong>Siga nosso Twitter &#8211; www.twitter.com\/BrMassami e comente sobre esta not\u00edcia!<\/strong><\/div>\n<div style=\"text-align: center\"><strong>Siga nosso Facebook \u00a0&#8211; http:\/\/www.facebook.com\/PlanetaOctogono<\/strong><\/div>\n","protected":false},"excerpt":{"rendered":"<p>Mais um combate pode ser confirmado para o UFC 163. Segundo o site News MMA, o paulista Demian Maia, est\u00e1 pr\u00f3ximo de enfrentar o americano <a class=\"read-more\" href=\"https:\/\/blogs.gazetaesportiva.com\/planeta-octogono\/2013\/04\/29\/demian-maia-pode-enfrentar-josh-koscheck-no-ufc-163\/\">leia mais<\/a><\/p>\n","protected":false},"author":33,"featured_media":0,"comment_status":"open","ping_status":"open","sticky":false,"template":"","format":"standard","meta":{"jetpack_post_was_ever_published":false,"_jetpack_newsletter_access":"","_jetpack_dont_email_post_to_subs":false,"_jetpack_newsletter_tier_id":0,"_jetpack_memberships_contains_paywalled_content":false,"_jetpack_memberships_contains_paid_content":false,"footnotes":"","jetpack_publicize_message":"","jetpack_publicize_feature_enabled":true,"jetpack_social_post_already_shared":false,"jetpack_social_options":{"image_generator_settings":{"template":"highway","default_image_id":0,"font":"","enabled":false},"version":2}},"categories":[1],"tags":[],"class_list":["post-5083","post","type-post","status-publish","format-standard","hentry","category-principal"],"jetpack_publicize_connections":[],"jetpack_featured_media_url":"","jetpack_sharing_enabled":true,"jetpack_shortlink":"https:\/\/wp.me\/p6rqUQ-1jZ","_links":{"self":[{"href":"https:\/\/blogs.gazetaesportiva.com\/planeta-octogono\/wp-json\/wp\/v2\/posts\/5083","targetHints":{"allow":["GET"]}}],"collection":[{"href":"https:\/\/blogs.gazetaesportiva.com\/planeta-octogono\/wp-json\/wp\/v2\/posts"}],"about":[{"href":"https:\/\/blogs.gazetaesportiva.com\/planeta-octogono\/wp-json\/wp\/v2\/types\/post"}],"author":[{"embeddable":true,"href":"https:\/\/blogs.gazetaesportiva.com\/planeta-octogono\/wp-json\/wp\/v2\/users\/33"}],"replies":[{"embeddable":true,"href":"https:\/\/blogs.gazetaesportiva.com\/planeta-octogono\/wp-json\/wp\/v2\/comments?post=5083"}],"version-history":[{"count":0,"href":"https:\/\/blogs.gazetaesportiva.com\/planeta-octogono\/wp-json\/wp\/v2\/posts\/5083\/revisions"}],"wp:attachment":[{"href":"https:\/\/blogs.gazetaesportiva.com\/planeta-octogono\/wp-json\/wp\/v2\/media?parent=5083"}],"wp:term":[{"taxonomy":"category","embeddable":true,"href":"https:\/\/blogs.gazetaesportiva.com\/planeta-octogono\/wp-json\/wp\/v2\/categories?post=5083"},{"taxonomy":"post_tag","embeddable":true,"href":"https:\/\/blogs.gazetaesportiva.com\/planeta-octogono\/wp-json\/wp\/v2\/tags?post=5083"}],"curies":[{"name":"wp","href":"https:\/\/api.w.org\/{rel}","templated":true}]}}