{"id":5081,"date":"2013-04-28T23:57:54","date_gmt":"2013-04-29T02:57:54","guid":{"rendered":"https:\/\/blogs.gazetaesportiva.com\/planeta-octogono\/?p=5081"},"modified":"2013-04-28T23:57:54","modified_gmt":"2013-04-29T02:57:54","slug":"jungle-fight-ira-realizar-volta-a-europa-em-parceria-com-arnold-classic-na-cidade-de-madri","status":"publish","type":"post","link":"https:\/\/blogs.gazetaesportiva.com\/planeta-octogono\/2013\/04\/28\/jungle-fight-ira-realizar-volta-a-europa-em-parceria-com-arnold-classic-na-cidade-de-madri\/","title":{"rendered":"Jungle Fight ir\u00e1 realizar volta a Europa em parceria com Arnold Classic na cidade de Madri"},"content":{"rendered":"<figure id=\"attachment_5035\" aria-describedby=\"caption-attachment-5035\" style=\"width: 496px\" class=\"wp-caption aligncenter\"><a href=\"https:\/\/blogs.gazetaesportiva.com\/planeta-octogono\/files\/2013\/04\/arnoldschwarzenegger_botafogo_div_15.jpg\"><img loading=\"lazy\" decoding=\"async\" class=\"size-full wp-image-5035 \" src=\"https:\/\/blogs.gazetaesportiva.com\/planeta-octogono\/files\/2013\/04\/arnoldschwarzenegger_botafogo_div_15.jpg\" alt=\"\" width=\"496\" height=\"312\" \/><\/a><figcaption id=\"caption-attachment-5035\" class=\"wp-caption-text\">Ator Arnold Schwarzenegger fecha parceria com Jungle Fight - Divulga\u00e7\u00e3o Jungle Fight<\/figcaption><\/figure>\n<p>O maior evento de MMA na Am\u00e9rica Latina, o Jungle Fight, est\u00e1 de volta a Europa.<\/p>\n<p>Segundo o Presidente da organiza\u00e7\u00e3o, Wallid Ismail, em entrevista ao Sportv, Wallid confirmou que fechou uma parceria, com o ator americano Arnold Schwarzenegger e com a empresa Integral M\u00e9dica para realiza\u00e7\u00e3o dos eventos.<\/p>\n<p>&#8220;A audi\u00eancia que tivemos nos \u00faltimos eventos foi muito boa, e isso deu a for\u00e7a para o Jungle al\u00e7ar voos mais altos.<\/p>\n<p>Fizemos um neg\u00f3cio enorme entre Arnold, a Integral M\u00e9dica e o Jungle Fight.<\/p>\n<p>Agora o Jungle vai para o mundo com essas tr\u00eas for\u00e7as e vai se chamar &#8220;Arnold Classic presents Jungle Fight by Integral M\u00e9dica&#8221;. Disse Wallid, comemorando o neg\u00f3cio.<\/p>\n<p>Por\u00e9m o Presidente do evento, confirmou que o Jungle Fight ir\u00e1 continuar realizando edi\u00e7\u00f5es no Brasil.<\/p>\n<p>&#8220;N\u00f3s vamos continuar fazendo os eventos no Brasil. Al\u00e9m de descobrir os talentos brasileiros, vamos descobrir tamb\u00e9m os talentos de outros pa\u00edses.<\/p>\n<p>O Jungle quer se estabelecer como o segundo maior evento do mundo, atr\u00e1s do UFC, que \u00e9 a Copa do Mundo.&#8221; Apontou Wallid.<\/p>\n<p>O evento ir\u00e1 realizar uma edi\u00e7\u00e3o na Espanha, na cidade de Madri, no m\u00eas de outubro, juntamente com a realiza\u00e7\u00e3o do Arnold Classic, evento de Schwarzenegger.<\/p>\n<p>A id\u00e9ia \u00e9 percorrer o mundo, juntamente com o evento, que tamb\u00e9m realiza edi\u00e7\u00f5es nos Estados Unidos, descobrindo novos talentos e revelando talentos mundo afora.<\/p>\n<div style=\"text-align: center\"><strong>Comente esta not\u00edcia, ou entre em contato conosco, para tirar d\u00favidas e nos ajudar a fazer este blog cada vez melhor.<\/strong><\/div>\n<div style=\"text-align: center\"><strong>Atrav\u00e9s do e- mail: planetaoctogono@gmail.com<\/strong><\/div>\n<div style=\"text-align: center\"><strong><br \/>\n<\/strong><\/div>\n<div style=\"text-align: center\"><strong>Siga nosso Twitter &#8211; www.twitter.com\/BrMassami e comente sobre esta not\u00edcia!<\/strong><\/div>\n<div style=\"text-align: center\"><strong>Siga nosso Facebook \u00a0&#8211; http:\/\/www.facebook.com\/PlanetaOctogono<\/strong><\/div>\n","protected":false},"excerpt":{"rendered":"<p>O maior evento de MMA na Am\u00e9rica Latina, o Jungle Fight, est\u00e1 de volta a Europa. Segundo o Presidente da organiza\u00e7\u00e3o, Wallid Ismail, em entrevista <a class=\"read-more\" href=\"https:\/\/blogs.gazetaesportiva.com\/planeta-octogono\/2013\/04\/28\/jungle-fight-ira-realizar-volta-a-europa-em-parceria-com-arnold-classic-na-cidade-de-madri\/\">leia mais<\/a><\/p>\n","protected":false},"author":33,"featured_media":0,"comment_status":"open","ping_status":"open","sticky":false,"template":"","format":"standard","meta":{"jetpack_post_was_ever_published":false,"_jetpack_newsletter_access":"","_jetpack_dont_email_post_to_subs":false,"_jetpack_newsletter_tier_id":0,"_jetpack_memberships_contains_paywalled_content":false,"_jetpack_memberships_contains_paid_content":false,"footnotes":"","jetpack_publicize_message":"","jetpack_publicize_feature_enabled":true,"jetpack_social_post_already_shared":false,"jetpack_social_options":{"image_generator_settings":{"template":"highway","default_image_id":0,"font":"","enabled":false},"version":2}},"categories":[1],"tags":[],"class_list":["post-5081","post","type-post","status-publish","format-standard","hentry","category-principal"],"jetpack_publicize_connections":[],"jetpack_featured_media_url":"","jetpack_sharing_enabled":true,"jetpack_shortlink":"https:\/\/wp.me\/p6rqUQ-1jX","_links":{"self":[{"href":"https:\/\/blogs.gazetaesportiva.com\/planeta-octogono\/wp-json\/wp\/v2\/posts\/5081","targetHints":{"allow":["GET"]}}],"collection":[{"href":"https:\/\/blogs.gazetaesportiva.com\/planeta-octogono\/wp-json\/wp\/v2\/posts"}],"about":[{"href":"https:\/\/blogs.gazetaesportiva.com\/planeta-octogono\/wp-json\/wp\/v2\/types\/post"}],"author":[{"embeddable":true,"href":"https:\/\/blogs.gazetaesportiva.com\/planeta-octogono\/wp-json\/wp\/v2\/users\/33"}],"replies":[{"embeddable":true,"href":"https:\/\/blogs.gazetaesportiva.com\/planeta-octogono\/wp-json\/wp\/v2\/comments?post=5081"}],"version-history":[{"count":0,"href":"https:\/\/blogs.gazetaesportiva.com\/planeta-octogono\/wp-json\/wp\/v2\/posts\/5081\/revisions"}],"wp:attachment":[{"href":"https:\/\/blogs.gazetaesportiva.com\/planeta-octogono\/wp-json\/wp\/v2\/media?parent=5081"}],"wp:term":[{"taxonomy":"category","embeddable":true,"href":"https:\/\/blogs.gazetaesportiva.com\/planeta-octogono\/wp-json\/wp\/v2\/categories?post=5081"},{"taxonomy":"post_tag","embeddable":true,"href":"https:\/\/blogs.gazetaesportiva.com\/planeta-octogono\/wp-json\/wp\/v2\/tags?post=5081"}],"curies":[{"name":"wp","href":"https:\/\/api.w.org\/{rel}","templated":true}]}}