{"id":5078,"date":"2013-04-28T23:44:33","date_gmt":"2013-04-29T02:44:33","guid":{"rendered":"https:\/\/blogs.gazetaesportiva.com\/planeta-octogono\/?p=5078"},"modified":"2013-04-28T23:44:33","modified_gmt":"2013-04-29T02:44:33","slug":"capital-do-pais-brasilia-sera-sede-do-ufc-no-dia-4-de-setembro","status":"publish","type":"post","link":"https:\/\/blogs.gazetaesportiva.com\/planeta-octogono\/2013\/04\/28\/capital-do-pais-brasilia-sera-sede-do-ufc-no-dia-4-de-setembro\/","title":{"rendered":"Capital do pa\u00eds, Bras\u00edlia ser\u00e1 sede do UFC no dia 4 de setembro"},"content":{"rendered":"<figure id=\"attachment_5079\" aria-describedby=\"caption-attachment-5079\" style=\"width: 496px\" class=\"wp-caption aligncenter\"><a href=\"https:\/\/blogs.gazetaesportiva.com\/planeta-octogono\/files\/2013\/04\/Nilson-Nelson.jpg\"><img loading=\"lazy\" decoding=\"async\" class=\"size-full wp-image-5079 \" src=\"https:\/\/blogs.gazetaesportiva.com\/planeta-octogono\/files\/2013\/04\/Nilson-Nelson.jpg\" alt=\"\" width=\"496\" height=\"279\" \/><\/a><figcaption id=\"caption-attachment-5079\" class=\"wp-caption-text\">Gin\u00e1sio Nilson Nelson deve receber evento em setembro - Divulga\u00e7\u00e3o Gin\u00e1sio Nilson Nelson<\/figcaption><\/figure>\n<p>A capital do pa\u00eds, a cidade de Bras\u00edlia, no Distrito Federal, pela primeira vez ser\u00e1 sede do UFC.<\/p>\n<p>Segundo a revista Tatame, a capital deve receber um evento do Ultimate, no Gin\u00e1sio Nilson Nelson, no dia 4 de setembro, uma quarta feira.<\/p>\n<p>Ser\u00e1 a primeira vez, que o UFC visita uma cidade no cora\u00e7\u00e3o do pa\u00eds.<\/p>\n<p>O evento pode fazer parte das edi\u00e7\u00f5es do UFC on FOX Sports, que devem ser exibidos nos Estados Unidos, a partir de agosto.<\/p>\n<p>O UFC ainda n\u00e3o se pronunciou oficialmente sobre o assunto, com a confirma\u00e7\u00e3o da organiza\u00e7\u00e3o, a cidade se junta a S\u00e3o Paulo, Fortaleza, Jaragu\u00e1 do Sul (SC) e provavelmente Rio de Janeiro, como sedes do evento.<\/p>\n<div style=\"text-align: center\"><strong>Comente esta not\u00edcia, ou entre em contato conosco, para tirar d\u00favidas e nos ajudar a fazer este blog cada vez melhor.<\/strong><\/div>\n<div style=\"text-align: center\"><strong>Atrav\u00e9s do e- mail: planetaoctogono@gmail.com<\/strong><\/div>\n<div style=\"text-align: center\"><strong><br \/>\n<\/strong><\/div>\n<div style=\"text-align: center\"><strong>Siga nosso Twitter &#8211; www.twitter.com\/BrMassami e comente sobre esta not\u00edcia!<\/strong><\/div>\n<div style=\"text-align: center\"><strong>Siga nosso Facebook \u00a0&#8211; http:\/\/www.facebook.com\/PlanetaOctogono<\/strong><\/div>\n","protected":false},"excerpt":{"rendered":"<p>A capital do pa\u00eds, a cidade de Bras\u00edlia, no Distrito Federal, pela primeira vez ser\u00e1 sede do UFC. Segundo a revista Tatame, a capital deve <a class=\"read-more\" href=\"https:\/\/blogs.gazetaesportiva.com\/planeta-octogono\/2013\/04\/28\/capital-do-pais-brasilia-sera-sede-do-ufc-no-dia-4-de-setembro\/\">leia mais<\/a><\/p>\n","protected":false},"author":33,"featured_media":5079,"comment_status":"open","ping_status":"open","sticky":false,"template":"","format":"standard","meta":{"jetpack_post_was_ever_published":false,"_jetpack_newsletter_access":"","_jetpack_dont_email_post_to_subs":false,"_jetpack_newsletter_tier_id":0,"_jetpack_memberships_contains_paywalled_content":false,"_jetpack_memberships_contains_paid_content":false,"footnotes":"","jetpack_publicize_message":"","jetpack_publicize_feature_enabled":true,"jetpack_social_post_already_shared":false,"jetpack_social_options":{"image_generator_settings":{"template":"highway","default_image_id":0,"font":"","enabled":false},"version":2}},"categories":[1],"tags":[],"class_list":["post-5078","post","type-post","status-publish","format-standard","has-post-thumbnail","hentry","category-principal"],"jetpack_publicize_connections":[],"jetpack_featured_media_url":"https:\/\/blogs.gazetaesportiva.com\/planeta-octogono\/files\/2013\/04\/Nilson-Nelson.jpg","jetpack_sharing_enabled":true,"jetpack_shortlink":"https:\/\/wp.me\/p6rqUQ-1jU","_links":{"self":[{"href":"https:\/\/blogs.gazetaesportiva.com\/planeta-octogono\/wp-json\/wp\/v2\/posts\/5078","targetHints":{"allow":["GET"]}}],"collection":[{"href":"https:\/\/blogs.gazetaesportiva.com\/planeta-octogono\/wp-json\/wp\/v2\/posts"}],"about":[{"href":"https:\/\/blogs.gazetaesportiva.com\/planeta-octogono\/wp-json\/wp\/v2\/types\/post"}],"author":[{"embeddable":true,"href":"https:\/\/blogs.gazetaesportiva.com\/planeta-octogono\/wp-json\/wp\/v2\/users\/33"}],"replies":[{"embeddable":true,"href":"https:\/\/blogs.gazetaesportiva.com\/planeta-octogono\/wp-json\/wp\/v2\/comments?post=5078"}],"version-history":[{"count":0,"href":"https:\/\/blogs.gazetaesportiva.com\/planeta-octogono\/wp-json\/wp\/v2\/posts\/5078\/revisions"}],"wp:featuredmedia":[{"embeddable":true,"href":"https:\/\/blogs.gazetaesportiva.com\/planeta-octogono\/wp-json\/wp\/v2\/media\/5079"}],"wp:attachment":[{"href":"https:\/\/blogs.gazetaesportiva.com\/planeta-octogono\/wp-json\/wp\/v2\/media?parent=5078"}],"wp:term":[{"taxonomy":"category","embeddable":true,"href":"https:\/\/blogs.gazetaesportiva.com\/planeta-octogono\/wp-json\/wp\/v2\/categories?post=5078"},{"taxonomy":"post_tag","embeddable":true,"href":"https:\/\/blogs.gazetaesportiva.com\/planeta-octogono\/wp-json\/wp\/v2\/tags?post=5078"}],"curies":[{"name":"wp","href":"https:\/\/api.w.org\/{rel}","templated":true}]}}