{"id":5073,"date":"2013-04-28T04:58:59","date_gmt":"2013-04-28T07:58:59","guid":{"rendered":"https:\/\/blogs.gazetaesportiva.com\/planeta-octogono\/?p=5073"},"modified":"2013-04-28T05:07:30","modified_gmt":"2013-04-28T08:07:30","slug":"veja-trailer-de-setimo-episodio-do-tuf-brasil-2-que-acontece-neste-domingo","status":"publish","type":"post","link":"https:\/\/blogs.gazetaesportiva.com\/planeta-octogono\/2013\/04\/28\/veja-trailer-de-setimo-episodio-do-tuf-brasil-2-que-acontece-neste-domingo\/","title":{"rendered":"Veja trailer de s\u00e9timo epis\u00f3dio do TUF Brasil 2 que acontece neste domingo"},"content":{"rendered":"<figure id=\"attachment_3949\" aria-describedby=\"caption-attachment-3949\" style=\"width: 496px\" class=\"wp-caption aligncenter\"><a href=\"https:\/\/blogs.gazetaesportiva.com\/planeta-octogono\/files\/2013\/03\/rodrigominotauro_fabriciowerdum_tufc_div.jpg_95.jpg\"><img loading=\"lazy\" decoding=\"async\" class=\"size-full wp-image-3949 \" src=\"https:\/\/blogs.gazetaesportiva.com\/planeta-octogono\/files\/2013\/03\/rodrigominotauro_fabriciowerdum_tufc_div.jpg_95.jpg\" alt=\"\" width=\"496\" height=\"376\" \/><\/a><figcaption id=\"caption-attachment-3949\" class=\"wp-caption-text\">Assista trailer de epis\u00f3dio - Divulga\u00e7\u00e3o UFC<\/figcaption><\/figure>\n<p>Assista uma pr\u00e9via do que ir\u00e1 acontecer neste domingo, no s\u00e9timo epis\u00f3dio do TUF Brasil 2, neste domingo na Rede Globo de Televis\u00e3o, \u00e1s 23 e 50 ap\u00f3s a s\u00e9rie Revenge.<\/p>\n<p>Esta edi\u00e7\u00e3o, comandada pelos treinadores Rodrigo Minotauro e Fabr\u00edcio Werdum, o s\u00e9timo epis\u00f3dio ter\u00e1 a participa\u00e7\u00e3o do astro do UFC, o ex lutador americano Chuck Liddell.<\/p>\n<p>Al\u00e9m disso, o futuro do lutador Daniel Gelo, do time Werdum ser\u00e1 definido por Fabr\u00edcio Werdum e Dana White, Presidente do evento.<\/p>\n<p>O epis\u00f3dio ter\u00e1 o combate entre o argentino Santiago Ponzinibbio e M\u00e1rcio &#8220;Pedra&#8221; Santos.<\/p>\n<p style=\"text-align: center\"><strong>Veja o trailer do s\u00e9timo epis\u00f3dio do TUF Brasil 2:<\/strong><\/p>\n<p style=\"text-align: center\"><strong>[yframe url=&#8217;http:\/\/www.youtube.com\/watch?v=W-QtCQmyGlQ&#8217;]<\/strong><\/p>\n<p style=\"text-align: center\"><strong><br \/>\n<\/strong><\/p>\n<p style=\"text-align: center\">\n<div style=\"text-align: center\"><strong>Comente esta not\u00edcia, ou entre em contato conosco, para tirar d\u00favidas e nos ajudar a fazer este blog cada vez melhor.<\/strong><\/div>\n<div style=\"text-align: center\"><strong>Atrav\u00e9s do e- mail: planetaoctogono@gmail.com<\/strong><\/div>\n<div style=\"text-align: center\"><strong><br \/>\n<\/strong><\/div>\n<div style=\"text-align: center\"><strong>Siga nosso Twitter &#8211; www.twitter.com\/BrMassami e comente sobre esta not\u00edcia!<\/strong><\/div>\n<div style=\"text-align: center\"><strong>Siga nosso Facebook \u00a0&#8211; http:\/\/www.facebook.com\/PlanetaOctogono<\/strong><\/div>\n","protected":false},"excerpt":{"rendered":"<p>Assista uma pr\u00e9via do que ir\u00e1 acontecer neste domingo, no s\u00e9timo epis\u00f3dio do TUF Brasil 2, neste domingo na Rede Globo de Televis\u00e3o, \u00e1s 23 <a class=\"read-more\" href=\"https:\/\/blogs.gazetaesportiva.com\/planeta-octogono\/2013\/04\/28\/veja-trailer-de-setimo-episodio-do-tuf-brasil-2-que-acontece-neste-domingo\/\">leia mais<\/a><\/p>\n","protected":false},"author":33,"featured_media":0,"comment_status":"open","ping_status":"open","sticky":false,"template":"","format":"standard","meta":{"jetpack_post_was_ever_published":false,"_jetpack_newsletter_access":"","_jetpack_dont_email_post_to_subs":false,"_jetpack_newsletter_tier_id":0,"_jetpack_memberships_contains_paywalled_content":false,"_jetpack_memberships_contains_paid_content":false,"footnotes":"","jetpack_publicize_message":"","jetpack_publicize_feature_enabled":true,"jetpack_social_post_already_shared":false,"jetpack_social_options":{"image_generator_settings":{"template":"highway","default_image_id":0,"font":"","enabled":false},"version":2}},"categories":[1],"tags":[],"class_list":["post-5073","post","type-post","status-publish","format-standard","hentry","category-principal"],"jetpack_publicize_connections":[],"jetpack_featured_media_url":"","jetpack_sharing_enabled":true,"jetpack_shortlink":"https:\/\/wp.me\/p6rqUQ-1jP","_links":{"self":[{"href":"https:\/\/blogs.gazetaesportiva.com\/planeta-octogono\/wp-json\/wp\/v2\/posts\/5073","targetHints":{"allow":["GET"]}}],"collection":[{"href":"https:\/\/blogs.gazetaesportiva.com\/planeta-octogono\/wp-json\/wp\/v2\/posts"}],"about":[{"href":"https:\/\/blogs.gazetaesportiva.com\/planeta-octogono\/wp-json\/wp\/v2\/types\/post"}],"author":[{"embeddable":true,"href":"https:\/\/blogs.gazetaesportiva.com\/planeta-octogono\/wp-json\/wp\/v2\/users\/33"}],"replies":[{"embeddable":true,"href":"https:\/\/blogs.gazetaesportiva.com\/planeta-octogono\/wp-json\/wp\/v2\/comments?post=5073"}],"version-history":[{"count":0,"href":"https:\/\/blogs.gazetaesportiva.com\/planeta-octogono\/wp-json\/wp\/v2\/posts\/5073\/revisions"}],"wp:attachment":[{"href":"https:\/\/blogs.gazetaesportiva.com\/planeta-octogono\/wp-json\/wp\/v2\/media?parent=5073"}],"wp:term":[{"taxonomy":"category","embeddable":true,"href":"https:\/\/blogs.gazetaesportiva.com\/planeta-octogono\/wp-json\/wp\/v2\/categories?post=5073"},{"taxonomy":"post_tag","embeddable":true,"href":"https:\/\/blogs.gazetaesportiva.com\/planeta-octogono\/wp-json\/wp\/v2\/tags?post=5073"}],"curies":[{"name":"wp","href":"https:\/\/api.w.org\/{rel}","templated":true}]}}