{"id":4731,"date":"2013-04-15T11:49:03","date_gmt":"2013-04-15T14:49:03","guid":{"rendered":"https:\/\/blogs.gazetaesportiva.com\/planeta-octogono\/?p=4731"},"modified":"2013-04-15T11:49:03","modified_gmt":"2013-04-15T14:49:03","slug":"revista-paulista-faz-comemoracao-com-evento-de-mma-em-sao-paulo","status":"publish","type":"post","link":"https:\/\/blogs.gazetaesportiva.com\/planeta-octogono\/2013\/04\/15\/revista-paulista-faz-comemoracao-com-evento-de-mma-em-sao-paulo\/","title":{"rendered":"Revista paulista faz comemora\u00e7\u00e3o com evento de MMA em S\u00e3o Paulo"},"content":{"rendered":"<figure id=\"attachment_4732\" aria-describedby=\"caption-attachment-4732\" style=\"width: 525px\" class=\"wp-caption aligncenter\"><a href=\"https:\/\/blogs.gazetaesportiva.com\/planeta-octogono\/files\/2013\/04\/Revista-Pegada.jpg\"><img loading=\"lazy\" decoding=\"async\" class=\"size-full wp-image-4732  \" src=\"https:\/\/blogs.gazetaesportiva.com\/planeta-octogono\/files\/2013\/04\/Revista-Pegada.jpg\" alt=\"\" width=\"525\" height=\"344\" \/><\/a><figcaption id=\"caption-attachment-4732\" class=\"wp-caption-text\">Evento acontece em S\u00e3o Paulo nesta quinta feira - Divulga\u00e7\u00e3o Revista Pegada<\/figcaption><\/figure>\n<p>Em comemora\u00e7\u00e3o de 8 anos de vida, a revista especializada em lutas, Revista Pegada Magazine, ir\u00e1 realizar um evento de MMA.<\/p>\n<p>Com lutas de Submission, Muay Thai e MMA, o evento que acontece nesta quarta feira, no dia 18 de abril, no Open Bar Club, na cidade de S\u00e3o Paulo.<\/p>\n<p>O evento ter\u00e1 6 lutas de MMA, uma de Submission e uma de Muay Thai.<\/p>\n<p>A edi\u00e7\u00e3o ter\u00e1 a participa\u00e7\u00e3o de personalidades do esporte, como o baixista do grupo musical Tihuana e apresentador do programa Rock MMA, da R\u00e1dio Bradesco Esportes FM, Rom\u00e1n Laurito, e o famoso announcer brasileiro Xic\u00e3o Joly.<\/p>\n<p style=\"text-align: center\"><strong>Veja o card do evento:<\/strong><\/p>\n<p style=\"text-align: center\"><strong>Primeiro Desafio Revista Pegada<\/strong><\/p>\n<p style=\"text-align: center\"><strong>Open Bar Club, S\u00e3o Paulo<\/strong><\/p>\n<p style=\"text-align: center\"><strong>18 de abril de 2013<\/strong><\/p>\n<p style=\"text-align: center\"><strong><br \/>\n<\/strong><\/p>\n<p style=\"text-align: center\"><strong>Muay Thai 70 Kg<br \/>\nJhonatan Antunes de Souza \u201c\u00cdndio\u201d (Digable \/ Inside) x Erico Oliveira (Rato Team)<\/strong><\/p>\n<p style=\"text-align: center\"><strong>Submission 70 kg<br \/>\nDanny Abu (Abu Brothers Gold Team) x C\u00edcero Costha (PSLPB C\u00edcero Costha)<\/strong><\/p>\n<p style=\"text-align: center\"><strong>MMA 61 Kg<br \/>\nFelipe Cuscianna (Bull Fight) x Denis Augusto (SuperFight)<\/strong><\/p>\n<p style=\"text-align: center\"><strong>MMA 61 Kg<br \/>\nDenis Alagoas (Peso Pesado GT) x Alisson \u201cForrest\u201d Lira (Ryan Gracie)<\/strong><\/p>\n<p style=\"text-align: center\"><strong>MMA 70 Kg<br \/>\nJ\u00fanior Ribeiro (Toeikan Fight Point\/Leandro Compri JJ) x Daniel Calango (Side by Side\/Grupo Uni\u00e3o)<\/strong><\/p>\n<p style=\"text-align: center\"><strong>MMA 77 Kg<br \/>\nRen\u00ea Soldado (Power L\u00f3tus) x Marcos \u201cLoko\u201d Peres (Veras TK \/ Brazil Fight Club)<\/strong><\/p>\n<p style=\"text-align: center\"><strong>MMA 85 Kg<br \/>\nKleber \u201cKeo\u201d Br\u00e1z (Power L\u00f3tus) x Rafael Silva (011)<\/strong><\/p>\n<p style=\"text-align: center\"><strong>MMA Absoluto Acima de 100 Kg<br \/>\nSalvador Minnit (011) x Haime Moraes (Rato Team)<\/strong><\/p>\n<p style=\"text-align: center\">\n<p style=\"text-align: center\"><strong> <\/strong><\/p>\n<div style=\"text-align: center\"><strong>Comente esta not\u00edcia, ou entre em contato conosco, para tirar d\u00favidas e nos ajudar a fazer este blog cada vez melhor.<\/strong><\/div>\n<div style=\"text-align: center\"><strong>Atrav\u00e9s do e- mail: planetaoctogono@gmail.com<\/strong><\/div>\n<div style=\"text-align: center\"><strong><br \/>\n<\/strong><\/div>\n<div style=\"text-align: center\"><strong>Siga nosso Twitter &#8211; www.twitter.com\/BrMassami e comente sobre esta not\u00edcia!<\/strong><\/div>\n<div style=\"text-align: center\"><strong>Siga nosso Facebook \u00a0&#8211; http:\/\/www.facebook.com\/PlanetaOctogono<\/strong><\/div>\n","protected":false},"excerpt":{"rendered":"<p>Em comemora\u00e7\u00e3o de 8 anos de vida, a revista especializada em lutas, Revista Pegada Magazine, ir\u00e1 realizar um evento de MMA. Com lutas de Submission, <a class=\"read-more\" href=\"https:\/\/blogs.gazetaesportiva.com\/planeta-octogono\/2013\/04\/15\/revista-paulista-faz-comemoracao-com-evento-de-mma-em-sao-paulo\/\">leia mais<\/a><\/p>\n","protected":false},"author":33,"featured_media":4732,"comment_status":"open","ping_status":"open","sticky":false,"template":"","format":"standard","meta":{"jetpack_post_was_ever_published":false,"_jetpack_newsletter_access":"","_jetpack_dont_email_post_to_subs":false,"_jetpack_newsletter_tier_id":0,"_jetpack_memberships_contains_paywalled_content":false,"_jetpack_memberships_contains_paid_content":false,"footnotes":"","jetpack_publicize_message":"","jetpack_publicize_feature_enabled":true,"jetpack_social_post_already_shared":false,"jetpack_social_options":{"image_generator_settings":{"template":"highway","default_image_id":0,"font":"","enabled":false},"version":2}},"categories":[1],"tags":[],"class_list":["post-4731","post","type-post","status-publish","format-standard","has-post-thumbnail","hentry","category-principal"],"jetpack_publicize_connections":[],"jetpack_featured_media_url":"https:\/\/blogs.gazetaesportiva.com\/planeta-octogono\/files\/2013\/04\/Revista-Pegada.jpg","jetpack_sharing_enabled":true,"jetpack_shortlink":"https:\/\/wp.me\/p6rqUQ-1ej","_links":{"self":[{"href":"https:\/\/blogs.gazetaesportiva.com\/planeta-octogono\/wp-json\/wp\/v2\/posts\/4731","targetHints":{"allow":["GET"]}}],"collection":[{"href":"https:\/\/blogs.gazetaesportiva.com\/planeta-octogono\/wp-json\/wp\/v2\/posts"}],"about":[{"href":"https:\/\/blogs.gazetaesportiva.com\/planeta-octogono\/wp-json\/wp\/v2\/types\/post"}],"author":[{"embeddable":true,"href":"https:\/\/blogs.gazetaesportiva.com\/planeta-octogono\/wp-json\/wp\/v2\/users\/33"}],"replies":[{"embeddable":true,"href":"https:\/\/blogs.gazetaesportiva.com\/planeta-octogono\/wp-json\/wp\/v2\/comments?post=4731"}],"version-history":[{"count":0,"href":"https:\/\/blogs.gazetaesportiva.com\/planeta-octogono\/wp-json\/wp\/v2\/posts\/4731\/revisions"}],"wp:featuredmedia":[{"embeddable":true,"href":"https:\/\/blogs.gazetaesportiva.com\/planeta-octogono\/wp-json\/wp\/v2\/media\/4732"}],"wp:attachment":[{"href":"https:\/\/blogs.gazetaesportiva.com\/planeta-octogono\/wp-json\/wp\/v2\/media?parent=4731"}],"wp:term":[{"taxonomy":"category","embeddable":true,"href":"https:\/\/blogs.gazetaesportiva.com\/planeta-octogono\/wp-json\/wp\/v2\/categories?post=4731"},{"taxonomy":"post_tag","embeddable":true,"href":"https:\/\/blogs.gazetaesportiva.com\/planeta-octogono\/wp-json\/wp\/v2\/tags?post=4731"}],"curies":[{"name":"wp","href":"https:\/\/api.w.org\/{rel}","templated":true}]}}