{"id":463,"date":"2012-09-18T18:04:43","date_gmt":"2012-09-18T21:04:43","guid":{"rendered":"https:\/\/blogs.gazetaesportiva.com\/planeta-octogono\/?p=463"},"modified":"2012-09-18T18:04:43","modified_gmt":"2012-09-18T21:04:43","slug":"especial-ufc-152-combate-da-semana-vitor-belfort-vs-ivan-serati","status":"publish","type":"post","link":"https:\/\/blogs.gazetaesportiva.com\/planeta-octogono\/2012\/09\/18\/especial-ufc-152-combate-da-semana-vitor-belfort-vs-ivan-serati\/","title":{"rendered":"Especial UFC 152 &#8211; Combate da Semana &#8211; Vitor Belfort vs Ivan Serati"},"content":{"rendered":"<p style=\"text-align: center\">\n<div class=\"mceTemp mceIEcenter\" style=\"text-align: center\">\n<dl>\n<dt><a href=\"https:\/\/blogs.gazetaesportiva.com\/planeta-octogono\/files\/2012\/09\/152-vitor-fighter_289856_feature_image.png\"><img loading=\"lazy\" decoding=\"async\" class=\"size-full wp-image-383\" src=\"https:\/\/blogs.gazetaesportiva.com\/planeta-octogono\/files\/2012\/09\/152-vitor-fighter_289856_feature_image.png\" alt=\"\" width=\"648\" height=\"394\" \/><\/a><\/dt>\n<dd>Brasileiro j\u00e1 lutou em evento ingl\u00eas &#8211; Foto &#8211; Divulga\u00e7\u00e3o UFC<\/dd>\n<\/dl>\n<\/div>\n<p>Come\u00e7a hoje um especial do Combate da Semana sobre o UFC 152.<\/p>\n<p>E come\u00e7amos com Vitor Belfort. Assista um combate entre Vitor e Ivan Serati no extinto evento ingl\u00eas Cage Rage.<\/p>\n<p>Vitor passava por uma fase dif\u00edcil na carreira, com os problemas pessoais acerca de sua irm\u00e3 desaparecida.<\/p>\n<p>Por\u00e9m mesmo assim n\u00e3o deixava de subir ao oct\u00f3gono e encarar mais um desafio.<\/p>\n<p>Quer saber quem venceu?<\/p>\n<p style=\"text-align: center\"><strong>Veja o combate entre Vitor Belfort e Ivan Serati:<\/strong><\/p>\n<p style=\"text-align: center\"><strong>[yframe url=&#8217;http:\/\/www.youtube.com\/watch?v=9N3_7jbaGng&#8217;]<\/strong><\/p>\n<p style=\"text-align: center\">\n","protected":false},"excerpt":{"rendered":"<p>Brasileiro j\u00e1 lutou em evento ingl\u00eas &#8211; Foto &#8211; Divulga\u00e7\u00e3o UFC Come\u00e7a hoje um especial do Combate da Semana sobre o UFC 152. E come\u00e7amos <a class=\"read-more\" href=\"https:\/\/blogs.gazetaesportiva.com\/planeta-octogono\/2012\/09\/18\/especial-ufc-152-combate-da-semana-vitor-belfort-vs-ivan-serati\/\">leia mais<\/a><\/p>\n","protected":false},"author":33,"featured_media":0,"comment_status":"open","ping_status":"open","sticky":false,"template":"","format":"standard","meta":{"jetpack_post_was_ever_published":false,"_jetpack_newsletter_access":"","_jetpack_dont_email_post_to_subs":false,"_jetpack_newsletter_tier_id":0,"_jetpack_memberships_contains_paywalled_content":false,"_jetpack_memberships_contains_paid_content":false,"footnotes":"","jetpack_publicize_message":"","jetpack_publicize_feature_enabled":true,"jetpack_social_post_already_shared":false,"jetpack_social_options":{"image_generator_settings":{"template":"highway","default_image_id":0,"font":"","enabled":false},"version":2}},"categories":[7],"tags":[],"class_list":["post-463","post","type-post","status-publish","format-standard","hentry","category-combate-da-semana"],"jetpack_publicize_connections":[],"jetpack_featured_media_url":"","jetpack_sharing_enabled":true,"jetpack_shortlink":"https:\/\/wp.me\/p6rqUQ-7t","_links":{"self":[{"href":"https:\/\/blogs.gazetaesportiva.com\/planeta-octogono\/wp-json\/wp\/v2\/posts\/463","targetHints":{"allow":["GET"]}}],"collection":[{"href":"https:\/\/blogs.gazetaesportiva.com\/planeta-octogono\/wp-json\/wp\/v2\/posts"}],"about":[{"href":"https:\/\/blogs.gazetaesportiva.com\/planeta-octogono\/wp-json\/wp\/v2\/types\/post"}],"author":[{"embeddable":true,"href":"https:\/\/blogs.gazetaesportiva.com\/planeta-octogono\/wp-json\/wp\/v2\/users\/33"}],"replies":[{"embeddable":true,"href":"https:\/\/blogs.gazetaesportiva.com\/planeta-octogono\/wp-json\/wp\/v2\/comments?post=463"}],"version-history":[{"count":0,"href":"https:\/\/blogs.gazetaesportiva.com\/planeta-octogono\/wp-json\/wp\/v2\/posts\/463\/revisions"}],"wp:attachment":[{"href":"https:\/\/blogs.gazetaesportiva.com\/planeta-octogono\/wp-json\/wp\/v2\/media?parent=463"}],"wp:term":[{"taxonomy":"category","embeddable":true,"href":"https:\/\/blogs.gazetaesportiva.com\/planeta-octogono\/wp-json\/wp\/v2\/categories?post=463"},{"taxonomy":"post_tag","embeddable":true,"href":"https:\/\/blogs.gazetaesportiva.com\/planeta-octogono\/wp-json\/wp\/v2\/tags?post=463"}],"curies":[{"name":"wp","href":"https:\/\/api.w.org\/{rel}","templated":true}]}}