{"id":4538,"date":"2013-04-05T14:52:57","date_gmt":"2013-04-05T17:52:57","guid":{"rendered":"https:\/\/blogs.gazetaesportiva.com\/planeta-octogono\/?p=4538"},"modified":"2013-04-05T14:52:57","modified_gmt":"2013-04-05T17:52:57","slug":"chris-weidman-quer-vencer-combate-contra-anderson-silva-antes-do-fim-luto-para-acabar-com-o-combate","status":"publish","type":"post","link":"https:\/\/blogs.gazetaesportiva.com\/planeta-octogono\/2013\/04\/05\/chris-weidman-quer-vencer-combate-contra-anderson-silva-antes-do-fim-luto-para-acabar-com-o-combate\/","title":{"rendered":"Chris Weidman quer vencer combate contra Anderson Silva antes do fim: Luto para acabar com o combate!"},"content":{"rendered":"<figure id=\"attachment_3385\" aria-describedby=\"caption-attachment-3385\" style=\"width: 500px\" class=\"wp-caption aligncenter\"><a href=\"https:\/\/blogs.gazetaesportiva.com\/planeta-octogono\/files\/2013\/02\/ChrisWeidman_Headshot2012.png\"><img loading=\"lazy\" decoding=\"async\" class=\"size-full wp-image-3385\" src=\"https:\/\/blogs.gazetaesportiva.com\/planeta-octogono\/files\/2013\/02\/ChrisWeidman_Headshot2012.png\" alt=\"\" width=\"500\" height=\"325\" \/><\/a><figcaption id=\"caption-attachment-3385\" class=\"wp-caption-text\">Americano enfrenta Anderson Silva em julho - Divulga\u00e7\u00e3o UFC<\/figcaption><\/figure>\n<p>O pr\u00f3ximo advers\u00e1rio do brasileiro Anderson Silva, o americano Chris Weidman, em conversa com os f\u00e3s pelo Twitter, revelou querer vencer o brasileiro antes do final do combate.<\/p>\n<p>Perguntado sobre o combate com Anderson, Weidman, mostrou novamente confian\u00e7a.<\/p>\n<p>&#8220;Toda luta, eu entro para vencer antes do final. Mas quem sabe, eu queira tamb\u00e9m (finalizar ou nocautear Anderson).&#8221; disse o americano.<\/p>\n<p>Weidman que enfrenta Anderson Silva, no UFC 162, disse que n\u00e3o ir\u00e1 sentir press\u00e3o, j\u00e1 que est\u00e1 enfrentando um dos maiores lutadores de todos os tempos do UFC.<\/p>\n<p>&#8220;N\u00e3o para mim (sobre sentir uma press\u00e3o extra por enfrentar). Irei fazer um &#8220;mix&#8221; de tudo. Eu me sinto bem e n\u00e3o posso esperar pela luta.&#8221; revelou o americano.<\/p>\n<p>O combate entre Anderson Silva e Chris Weidman, acontece no dia 6 de julho, em Las Vegas nos Estados Unidos.<\/p>\n<div style=\"text-align: center\"><strong>Comente esta not\u00edcia, ou entre em contato conosco, para tirar d\u00favidas e nos ajudar a fazer este blog cada vez melhor.<\/strong><\/div>\n<div style=\"text-align: center\"><strong>Atrav\u00e9s do e- mail: planetaoctogono@gmail.com<\/strong><\/div>\n<div style=\"text-align: center\"><strong><br \/>\n<\/strong><\/div>\n<div style=\"text-align: center\"><strong>Siga nosso Twitter &#8211; www.twitter.com\/BrMassami e comente sobre esta not\u00edcia!<\/strong><\/div>\n<div style=\"text-align: center\"><strong>Siga nosso Facebook \u00a0&#8211; http:\/\/www.facebook.com\/PlanetaOctogono<\/strong><\/div>\n","protected":false},"excerpt":{"rendered":"<p>O pr\u00f3ximo advers\u00e1rio do brasileiro Anderson Silva, o americano Chris Weidman, em conversa com os f\u00e3s pelo Twitter, revelou querer vencer o brasileiro antes do <a class=\"read-more\" href=\"https:\/\/blogs.gazetaesportiva.com\/planeta-octogono\/2013\/04\/05\/chris-weidman-quer-vencer-combate-contra-anderson-silva-antes-do-fim-luto-para-acabar-com-o-combate\/\">leia mais<\/a><\/p>\n","protected":false},"author":33,"featured_media":0,"comment_status":"open","ping_status":"open","sticky":false,"template":"","format":"standard","meta":{"jetpack_post_was_ever_published":false,"_jetpack_newsletter_access":"","_jetpack_dont_email_post_to_subs":false,"_jetpack_newsletter_tier_id":0,"_jetpack_memberships_contains_paywalled_content":false,"_jetpack_memberships_contains_paid_content":false,"footnotes":"","jetpack_publicize_message":"","jetpack_publicize_feature_enabled":true,"jetpack_social_post_already_shared":false,"jetpack_social_options":{"image_generator_settings":{"template":"highway","default_image_id":0,"font":"","enabled":false},"version":2}},"categories":[1],"tags":[],"class_list":["post-4538","post","type-post","status-publish","format-standard","hentry","category-principal"],"jetpack_publicize_connections":[],"jetpack_featured_media_url":"","jetpack_sharing_enabled":true,"jetpack_shortlink":"https:\/\/wp.me\/p6rqUQ-1bc","_links":{"self":[{"href":"https:\/\/blogs.gazetaesportiva.com\/planeta-octogono\/wp-json\/wp\/v2\/posts\/4538","targetHints":{"allow":["GET"]}}],"collection":[{"href":"https:\/\/blogs.gazetaesportiva.com\/planeta-octogono\/wp-json\/wp\/v2\/posts"}],"about":[{"href":"https:\/\/blogs.gazetaesportiva.com\/planeta-octogono\/wp-json\/wp\/v2\/types\/post"}],"author":[{"embeddable":true,"href":"https:\/\/blogs.gazetaesportiva.com\/planeta-octogono\/wp-json\/wp\/v2\/users\/33"}],"replies":[{"embeddable":true,"href":"https:\/\/blogs.gazetaesportiva.com\/planeta-octogono\/wp-json\/wp\/v2\/comments?post=4538"}],"version-history":[{"count":0,"href":"https:\/\/blogs.gazetaesportiva.com\/planeta-octogono\/wp-json\/wp\/v2\/posts\/4538\/revisions"}],"wp:attachment":[{"href":"https:\/\/blogs.gazetaesportiva.com\/planeta-octogono\/wp-json\/wp\/v2\/media?parent=4538"}],"wp:term":[{"taxonomy":"category","embeddable":true,"href":"https:\/\/blogs.gazetaesportiva.com\/planeta-octogono\/wp-json\/wp\/v2\/categories?post=4538"},{"taxonomy":"post_tag","embeddable":true,"href":"https:\/\/blogs.gazetaesportiva.com\/planeta-octogono\/wp-json\/wp\/v2\/tags?post=4538"}],"curies":[{"name":"wp","href":"https:\/\/api.w.org\/{rel}","templated":true}]}}