{"id":452,"date":"2012-09-18T00:30:15","date_gmt":"2012-09-18T03:30:15","guid":{"rendered":"https:\/\/blogs.gazetaesportiva.com\/planeta-octogono\/?p=452"},"modified":"2012-09-18T00:30:15","modified_gmt":"2012-09-18T03:30:15","slug":"de-olho-nele-rory-macdonald","status":"publish","type":"post","link":"https:\/\/blogs.gazetaesportiva.com\/planeta-octogono\/2012\/09\/18\/de-olho-nele-rory-macdonald\/","title":{"rendered":"De olho nele &#8211; Rory MacDonald"},"content":{"rendered":"<figure id=\"attachment_453\" aria-describedby=\"caption-attachment-453\" style=\"width: 500px\" class=\"wp-caption aligncenter\"><a href=\"https:\/\/blogs.gazetaesportiva.com\/planeta-octogono\/files\/2012\/09\/RoryMcDonald_2012Headshot.png\"><img loading=\"lazy\" decoding=\"async\" class=\"size-full wp-image-453\" src=\"https:\/\/blogs.gazetaesportiva.com\/planeta-octogono\/files\/2012\/09\/RoryMcDonald_2012Headshot.png\" alt=\"\" width=\"500\" height=\"325\" \/><\/a><figcaption id=\"caption-attachment-453\" class=\"wp-caption-text\">Lutador \u00e9 esperan\u00e7a canadense no futuro - Foto - Divulga\u00e7\u00e3o UFC<\/figcaption><\/figure>\n<p>O De Olho Nele est\u00e1 de volta!<\/p>\n<p>Nesta semana iremos apresentar o lutador do UFC, \u00a0o canadense Rory MacDonald.<\/p>\n<p>Com apenas 23 anos, o lutador de 1,82m e 77 kg e um cartel de 13 vit\u00f3rias e apenas uma derrota tem impressionado os f\u00e3s do evento.<\/p>\n<p>Dono de uma grande envergadura para a categoria, e bom wrestling (luta greco romana), Rory atropelou advers\u00e1rios como Nate Diaz, Che Mills, Mike Guymon e Mike Pyle.<\/p>\n<p>Rory treina com o campe\u00e3o da categoria, o tamb\u00e9m canadense Georges St. Pierre.<\/p>\n<p>O canadense encara a lenda BJ Penn no UFC on FOX, dia 8 de dezembro.<\/p>\n<p style=\"text-align: center\"><strong><br \/>\n<\/strong><\/p>\n<p style=\"text-align: center\"><strong>Conhe\u00e7a o lutador:<\/strong><\/p>\n<p style=\"text-align: center\"><strong>[yframe url=&#8217;http:\/\/www.youtube.com\/watch?v=IxwrtHVTmXg&#8217;]<\/strong><\/p>\n","protected":false},"excerpt":{"rendered":"<p>O De Olho Nele est\u00e1 de volta! Nesta semana iremos apresentar o lutador do UFC, \u00a0o canadense Rory MacDonald. Com apenas 23 anos, o lutador <a class=\"read-more\" href=\"https:\/\/blogs.gazetaesportiva.com\/planeta-octogono\/2012\/09\/18\/de-olho-nele-rory-macdonald\/\">leia mais<\/a><\/p>\n","protected":false},"author":33,"featured_media":453,"comment_status":"open","ping_status":"open","sticky":false,"template":"","format":"standard","meta":{"jetpack_post_was_ever_published":false,"_jetpack_newsletter_access":"","_jetpack_dont_email_post_to_subs":false,"_jetpack_newsletter_tier_id":0,"_jetpack_memberships_contains_paywalled_content":false,"_jetpack_memberships_contains_paid_content":false,"footnotes":"","jetpack_publicize_message":"","jetpack_publicize_feature_enabled":true,"jetpack_social_post_already_shared":false,"jetpack_social_options":{"image_generator_settings":{"template":"highway","default_image_id":0,"font":"","enabled":false},"version":2}},"categories":[5],"tags":[],"class_list":["post-452","post","type-post","status-publish","format-standard","has-post-thumbnail","hentry","category-de-olho-nele"],"jetpack_publicize_connections":[],"jetpack_featured_media_url":"https:\/\/blogs.gazetaesportiva.com\/planeta-octogono\/files\/2012\/09\/RoryMcDonald_2012Headshot.png","jetpack_sharing_enabled":true,"jetpack_shortlink":"https:\/\/wp.me\/p6rqUQ-7i","_links":{"self":[{"href":"https:\/\/blogs.gazetaesportiva.com\/planeta-octogono\/wp-json\/wp\/v2\/posts\/452","targetHints":{"allow":["GET"]}}],"collection":[{"href":"https:\/\/blogs.gazetaesportiva.com\/planeta-octogono\/wp-json\/wp\/v2\/posts"}],"about":[{"href":"https:\/\/blogs.gazetaesportiva.com\/planeta-octogono\/wp-json\/wp\/v2\/types\/post"}],"author":[{"embeddable":true,"href":"https:\/\/blogs.gazetaesportiva.com\/planeta-octogono\/wp-json\/wp\/v2\/users\/33"}],"replies":[{"embeddable":true,"href":"https:\/\/blogs.gazetaesportiva.com\/planeta-octogono\/wp-json\/wp\/v2\/comments?post=452"}],"version-history":[{"count":0,"href":"https:\/\/blogs.gazetaesportiva.com\/planeta-octogono\/wp-json\/wp\/v2\/posts\/452\/revisions"}],"wp:featuredmedia":[{"embeddable":true,"href":"https:\/\/blogs.gazetaesportiva.com\/planeta-octogono\/wp-json\/wp\/v2\/media\/453"}],"wp:attachment":[{"href":"https:\/\/blogs.gazetaesportiva.com\/planeta-octogono\/wp-json\/wp\/v2\/media?parent=452"}],"wp:term":[{"taxonomy":"category","embeddable":true,"href":"https:\/\/blogs.gazetaesportiva.com\/planeta-octogono\/wp-json\/wp\/v2\/categories?post=452"},{"taxonomy":"post_tag","embeddable":true,"href":"https:\/\/blogs.gazetaesportiva.com\/planeta-octogono\/wp-json\/wp\/v2\/tags?post=452"}],"curies":[{"name":"wp","href":"https:\/\/api.w.org\/{rel}","templated":true}]}}