{"id":406,"date":"2012-09-14T11:41:00","date_gmt":"2012-09-14T14:41:00","guid":{"rendered":"https:\/\/blogs.gazetaesportiva.com\/planeta-octogono\/?p=406"},"modified":"2012-09-14T11:41:00","modified_gmt":"2012-09-14T14:41:00","slug":"vai-acontecer-ksw-20-wgp-sao-paulo-road-fc-9","status":"publish","type":"post","link":"https:\/\/blogs.gazetaesportiva.com\/planeta-octogono\/2012\/09\/14\/vai-acontecer-ksw-20-wgp-sao-paulo-road-fc-9\/","title":{"rendered":"Vai acontecer &#8211; KSW 20 &#8211; WGP S\u00e3o Paulo &#8211; Road FC 9"},"content":{"rendered":"<figure id=\"attachment_409\" aria-describedby=\"caption-attachment-409\" style=\"width: 410px\" class=\"wp-caption aligncenter\"><a href=\"https:\/\/blogs.gazetaesportiva.com\/planeta-octogono\/files\/2012\/09\/423632_389118817810283_1305002308_n1.jpg\"><img loading=\"lazy\" decoding=\"async\" class=\"size-full wp-image-409 \" src=\"https:\/\/blogs.gazetaesportiva.com\/planeta-octogono\/files\/2012\/09\/423632_389118817810283_1305002308_n1.jpg\" alt=\"\" width=\"410\" height=\"576\" \/><\/a><figcaption id=\"caption-attachment-409\" class=\"wp-caption-text\">Eventos agitam o mundo neste fim de semana - Foto - Divulga\u00e7\u00e3o KSW<\/figcaption><\/figure>\n<p>O <strong>Vai Acontecer<\/strong> est\u00e1 de volta! Tr\u00eas vezes maior!<\/p>\n<p>Come\u00e7aremos a falar sobre o KSW, evento polon\u00eas de MMA, que realiza a edi\u00e7\u00e3o 20 no Ergo Arena, em Gdansk na Pol\u00f4nia.<\/p>\n<p>Contando com astros do pa\u00eds, o evento espera lotar a arena, com a volta do 5 vezes &#8220;Homem Mais Forte do Mundo&#8221; Mariuz Pudzianowski.<\/p>\n<p>Al\u00e9m dele, Jan Blachowicz encara Houston Alexander e Marcin Rozalski contra Jerome Le Banner.<\/p>\n<p style=\"text-align: center\"><strong>Veja o trailer do evento:<\/strong><\/p>\n<p style=\"text-align: center\"><strong>[yframe url=&#8217;http:\/\/www.youtube.com\/watch?v=NtffUloDd3o&#8217;] <\/strong><\/p>\n<p style=\"text-align: center\">\n<p style=\"text-align: left\">No Brasil, o WGP Kickboxing vem com tudo para S\u00e3o Paulo, no gin\u00e1sio do Pacaembu, neste s\u00e1bado.<\/p>\n<p style=\"text-align: left\">Com lutas bem casadas o evento promete trazer grandes emo\u00e7\u00f5es para o p\u00fablico paulista.<\/p>\n<p style=\"text-align: left\">Veja o card do evento:<\/p>\n<p style=\"text-align: left\"><strong>WGP S\u00e3o Paulo<\/strong><br \/>\nDia 15 de setembro, no Gin\u00e1sio do Pacaembu<\/p>\n<p><strong>Card Preliminar: a partir das 20h<\/strong><br \/>\nLuta 01 K1 at\u00e9 64Kg: Karol Lemos x D\u00e9bora Prado<br \/>\nLuta 02 K1 64.5Kg: Rodrigo Haro x Paulo Thebar<br \/>\nLuta 03 K1 62.3Kg: Gustavo Piacentini x Thiago Ferrari<br \/>\nLuta 04 K1 78.1Kg: Inaftali Gomes x Evandro Lima<\/p>\n<p><strong>Card Principal: a partir das 21h15<\/strong><\/p>\n<p>GP 63kg<br \/>\nLuta 01 Reserva Extra GP: Daniel Matos x Paulo S\u00e9rgio Freitas<br \/>\nLuta 02 Amilcar Fonseca x Diego David<br \/>\nLuta 03 Emerson Falc\u00e3o x Eduardo Vieira<\/p>\n<p>GP 85kg<br \/>\nLuta 04 Reserva Extra GP: Daniel de Oliveira x Alessandro Benacci<br \/>\nLuta 05 Clei Silva x Ricardo Soneca<br \/>\nLuta 06 Alex Sandro x Felipe Michelleti<\/p>\n<p>Luta 07 Final do GP at\u00e9 63Kg<br \/>\nLuta 08 Final do GP at\u00e9 85Kg<\/p>\n<p><strong>Ingressos para o WGP<\/strong><\/p>\n<p>O ingresso n\u00e3o \u00e9 pago. O p\u00fablico dever\u00e1 trocar 1 kg de alimento n\u00e3o perec\u00edvel pela pulseira do WGP, que est\u00e1 dispon\u00edvel nos seguintes pontos de troca: Academia Corporis (Rua Bom Pastor,1090 &#8211; Ipiranga) das 9h \u00e0s 18h, Parque da Juventude (Avenida Zaki Narchi,1309 &#8211; Santana) segunda, quarta e sexta, das 15h \u00e0s 21h, com o professor Laporta, e no Complexo Baby Barione (Rua Germaine Buchard,451 &#8211; Barra Funda) segunda, quarta e sexta, das 16h \u00e0s 21h.<\/p>\n<p>O WGP Kickboxing tem o patroc\u00ednio de adidas, Prefeitura de S\u00e3o Paulo e Secretaria de Esporte, Lazer e Recrea\u00e7\u00e3o. Parceiros de M\u00eddia: VIP, Esporte Interativo, Bandsports e Combate. A realiza\u00e7\u00e3o \u00e9 da Confedera\u00e7\u00e3o Brasileira de Kickboxing, com supervis\u00e3o da WAKO Pro.<\/p>\n<figure id=\"attachment_410\" aria-describedby=\"caption-attachment-410\" style=\"width: 338px\" class=\"wp-caption alignleft\"><a href=\"https:\/\/blogs.gazetaesportiva.com\/planeta-octogono\/files\/2012\/09\/Road-FC-9-Poster.jpeg\"><img loading=\"lazy\" decoding=\"async\" class=\"size-full wp-image-410\" src=\"https:\/\/blogs.gazetaesportiva.com\/planeta-octogono\/files\/2012\/09\/Road-FC-9-Poster.jpeg\" alt=\"\" width=\"338\" height=\"473\" \/><\/a><figcaption id=\"caption-attachment-410\" class=\"wp-caption-text\">Evento ter\u00e1 japon\u00eas e holand\u00eas no card - Divulga\u00e7\u00e3o Road FC<\/figcaption><\/figure>\n<p>O <strong>Road FC<\/strong>, evento coreano que ser\u00e1 realizado tamb\u00e9m no dia 15, conta com 2 astros internacionais.<\/p>\n<p>Ikuhisa Minowa, conhecido como Minowaman, por seu estilo irreverente de lutar, enfrenta Jim Soo Yuk.<\/p>\n<p>Com mais de 90 lutas no cartel, o japon\u00eas j\u00e1 lutou no PRIDE, e enfrentou nomes como Wanderlei Silva, Ryan Gracie, Mirko Crocop , Kazushi Sakuraba e Quinton Jackson.<\/p>\n<p>J\u00e1 Melvin Manhouf \u00e9 conhecido pelos seus nocautes avassaladores.<\/p>\n<p>O holand\u00eas que tamb\u00e9m luta no K-1, sempre \u00e9 esperan\u00e7a de nocaute nos eventos aonde luta.<\/p>\n<p>Melvin enfrenta Jae Young Kim.<\/p>\n<p><strong>Veja o trailer do evento:<\/strong><\/p>\n<p><strong>[yframe url=&#8217;http:\/\/www.youtube.com\/watch?v=KlWt0o5HdwE&#8217;]<\/strong><\/p>\n<p><strong><br \/>\n<\/strong><\/p>\n","protected":false},"excerpt":{"rendered":"<p>O Vai Acontecer est\u00e1 de volta! Tr\u00eas vezes maior! Come\u00e7aremos a falar sobre o KSW, evento polon\u00eas de MMA, que realiza a edi\u00e7\u00e3o 20 no <a class=\"read-more\" href=\"https:\/\/blogs.gazetaesportiva.com\/planeta-octogono\/2012\/09\/14\/vai-acontecer-ksw-20-wgp-sao-paulo-road-fc-9\/\">leia mais<\/a><\/p>\n","protected":false},"author":33,"featured_media":410,"comment_status":"open","ping_status":"open","sticky":false,"template":"","format":"standard","meta":{"jetpack_post_was_ever_published":false,"_jetpack_newsletter_access":"","_jetpack_dont_email_post_to_subs":false,"_jetpack_newsletter_tier_id":0,"_jetpack_memberships_contains_paywalled_content":false,"_jetpack_memberships_contains_paid_content":false,"footnotes":"","jetpack_publicize_message":"","jetpack_publicize_feature_enabled":true,"jetpack_social_post_already_shared":false,"jetpack_social_options":{"image_generator_settings":{"template":"highway","default_image_id":0,"font":"","enabled":false},"version":2}},"categories":[9],"tags":[],"class_list":["post-406","post","type-post","status-publish","format-standard","has-post-thumbnail","hentry","category-vai-acontecer"],"jetpack_publicize_connections":[],"jetpack_featured_media_url":"https:\/\/blogs.gazetaesportiva.com\/planeta-octogono\/files\/2012\/09\/Road-FC-9-Poster.jpeg","jetpack_sharing_enabled":true,"jetpack_shortlink":"https:\/\/wp.me\/p6rqUQ-6y","_links":{"self":[{"href":"https:\/\/blogs.gazetaesportiva.com\/planeta-octogono\/wp-json\/wp\/v2\/posts\/406","targetHints":{"allow":["GET"]}}],"collection":[{"href":"https:\/\/blogs.gazetaesportiva.com\/planeta-octogono\/wp-json\/wp\/v2\/posts"}],"about":[{"href":"https:\/\/blogs.gazetaesportiva.com\/planeta-octogono\/wp-json\/wp\/v2\/types\/post"}],"author":[{"embeddable":true,"href":"https:\/\/blogs.gazetaesportiva.com\/planeta-octogono\/wp-json\/wp\/v2\/users\/33"}],"replies":[{"embeddable":true,"href":"https:\/\/blogs.gazetaesportiva.com\/planeta-octogono\/wp-json\/wp\/v2\/comments?post=406"}],"version-history":[{"count":0,"href":"https:\/\/blogs.gazetaesportiva.com\/planeta-octogono\/wp-json\/wp\/v2\/posts\/406\/revisions"}],"wp:featuredmedia":[{"embeddable":true,"href":"https:\/\/blogs.gazetaesportiva.com\/planeta-octogono\/wp-json\/wp\/v2\/media\/410"}],"wp:attachment":[{"href":"https:\/\/blogs.gazetaesportiva.com\/planeta-octogono\/wp-json\/wp\/v2\/media?parent=406"}],"wp:term":[{"taxonomy":"category","embeddable":true,"href":"https:\/\/blogs.gazetaesportiva.com\/planeta-octogono\/wp-json\/wp\/v2\/categories?post=406"},{"taxonomy":"post_tag","embeddable":true,"href":"https:\/\/blogs.gazetaesportiva.com\/planeta-octogono\/wp-json\/wp\/v2\/tags?post=406"}],"curies":[{"name":"wp","href":"https:\/\/api.w.org\/{rel}","templated":true}]}}