{"id":403,"date":"2012-09-14T11:03:40","date_gmt":"2012-09-14T14:03:40","guid":{"rendered":"https:\/\/blogs.gazetaesportiva.com\/planeta-octogono\/?p=403"},"modified":"2012-09-14T11:03:40","modified_gmt":"2012-09-14T14:03:40","slug":"dana-white-nao-teme-compra-de-time-da-nfl-por-donos-do-ufc","status":"publish","type":"post","link":"https:\/\/blogs.gazetaesportiva.com\/planeta-octogono\/2012\/09\/14\/dana-white-nao-teme-compra-de-time-da-nfl-por-donos-do-ufc\/","title":{"rendered":"Dana White n\u00e3o teme compra de time da NFL por donos do UFC"},"content":{"rendered":"<figure id=\"attachment_274\" aria-describedby=\"caption-attachment-274\" style=\"width: 500px\" class=\"wp-caption aligncenter\"><a href=\"https:\/\/blogs.gazetaesportiva.com\/planeta-octogono\/files\/2012\/09\/danawhite.jpg\"><img loading=\"lazy\" decoding=\"async\" class=\"size-full wp-image-274\" src=\"https:\/\/blogs.gazetaesportiva.com\/planeta-octogono\/files\/2012\/09\/danawhite.jpg\" alt=\"\" width=\"500\" height=\"375\" \/><\/a><figcaption id=\"caption-attachment-274\" class=\"wp-caption-text\">Presidente do UFC revela ambi\u00e7\u00e3o de Lorenzo Fertitta - Foto - Divulga\u00e7\u00e3o Twitter <\/figcaption><\/figure>\n<p>Em entrevista ao para \u00a0o jornalista Dan Le Batard, o Presidente do UFC, Dana White comentou uma poss\u00edvel compra de um clube da NFL (Liga de futebol americano) pelos donos do UFC.<\/p>\n<p>Segundo Dana, Lorenzo Fertitta um dos donos do UFC \u00e9 um apaixonado pelo futebol americano.<\/p>\n<p>&#8220;Lutas s\u00e3o tudo que eu cuido, \u00e9 o que realmente eu fa\u00e7o e o que eu amo fazer. Eu sempre amei isto (lutas) desde quando era pequeno. J\u00e1 Lorenzo, meu parceiro \u00e9 um fan\u00e1tico por futebol americano.<\/p>\n<p>Eu n\u00e3o ficaria chocado se ele virar dono de um time da NFL.&#8221; Disse Dana.<\/p>\n<p>White ainda fez elogios a Lorenzo e acredita que o parceiro pode ter sucesso em sua nova empreitada.<\/p>\n<p>&#8220;Ele \u00e9 um dono demais! S\u00e3o muito inteligentes e s\u00e3o bons caras para quem eu trabalho. S\u00e3o generosos com todo mundo. Eles podem ir bem na NFL, porque s\u00e3o agressivos e se ele pegarem um time que n\u00e3o est\u00e1 bem, podem reverter a situa\u00e7\u00e3o.&#8221; Elogia Dana.<\/p>\n<p>Os irm\u00e3os Fertitta (Lorenzo e Frank) compraram do brasileiro Rorion Gracie, os direitos do UFC, por 2 milh\u00f5es de d\u00f3lares. Hoje estima-se que a companhia vale cerca de 1,5 bilh\u00e3o de d\u00f3lares, cerca de 3 bilh\u00f5es de reais.<\/p>\n","protected":false},"excerpt":{"rendered":"<p>Em entrevista ao para \u00a0o jornalista Dan Le Batard, o Presidente do UFC, Dana White comentou uma poss\u00edvel compra de um clube da NFL (Liga <a class=\"read-more\" href=\"https:\/\/blogs.gazetaesportiva.com\/planeta-octogono\/2012\/09\/14\/dana-white-nao-teme-compra-de-time-da-nfl-por-donos-do-ufc\/\">leia mais<\/a><\/p>\n","protected":false},"author":33,"featured_media":0,"comment_status":"open","ping_status":"open","sticky":false,"template":"","format":"standard","meta":{"jetpack_post_was_ever_published":false,"_jetpack_newsletter_access":"","_jetpack_dont_email_post_to_subs":false,"_jetpack_newsletter_tier_id":0,"_jetpack_memberships_contains_paywalled_content":false,"_jetpack_memberships_contains_paid_content":false,"footnotes":"","jetpack_publicize_message":"","jetpack_publicize_feature_enabled":true,"jetpack_social_post_already_shared":false,"jetpack_social_options":{"image_generator_settings":{"template":"highway","default_image_id":0,"font":"","enabled":false},"version":2}},"categories":[1],"tags":[],"class_list":["post-403","post","type-post","status-publish","format-standard","hentry","category-principal"],"jetpack_publicize_connections":[],"jetpack_featured_media_url":"","jetpack_sharing_enabled":true,"jetpack_shortlink":"https:\/\/wp.me\/p6rqUQ-6v","_links":{"self":[{"href":"https:\/\/blogs.gazetaesportiva.com\/planeta-octogono\/wp-json\/wp\/v2\/posts\/403","targetHints":{"allow":["GET"]}}],"collection":[{"href":"https:\/\/blogs.gazetaesportiva.com\/planeta-octogono\/wp-json\/wp\/v2\/posts"}],"about":[{"href":"https:\/\/blogs.gazetaesportiva.com\/planeta-octogono\/wp-json\/wp\/v2\/types\/post"}],"author":[{"embeddable":true,"href":"https:\/\/blogs.gazetaesportiva.com\/planeta-octogono\/wp-json\/wp\/v2\/users\/33"}],"replies":[{"embeddable":true,"href":"https:\/\/blogs.gazetaesportiva.com\/planeta-octogono\/wp-json\/wp\/v2\/comments?post=403"}],"version-history":[{"count":0,"href":"https:\/\/blogs.gazetaesportiva.com\/planeta-octogono\/wp-json\/wp\/v2\/posts\/403\/revisions"}],"wp:attachment":[{"href":"https:\/\/blogs.gazetaesportiva.com\/planeta-octogono\/wp-json\/wp\/v2\/media?parent=403"}],"wp:term":[{"taxonomy":"category","embeddable":true,"href":"https:\/\/blogs.gazetaesportiva.com\/planeta-octogono\/wp-json\/wp\/v2\/categories?post=403"},{"taxonomy":"post_tag","embeddable":true,"href":"https:\/\/blogs.gazetaesportiva.com\/planeta-octogono\/wp-json\/wp\/v2\/tags?post=403"}],"curies":[{"name":"wp","href":"https:\/\/api.w.org\/{rel}","templated":true}]}}