{"id":397,"date":"2012-09-13T12:38:07","date_gmt":"2012-09-13T15:38:07","guid":{"rendered":"https:\/\/blogs.gazetaesportiva.com\/planeta-octogono\/?p=397"},"modified":"2012-09-13T12:38:07","modified_gmt":"2012-09-13T15:38:07","slug":"presidente-do-ufc-agradece-lutadores-por-aceitarem-luta-no-ufc-rio","status":"publish","type":"post","link":"https:\/\/blogs.gazetaesportiva.com\/planeta-octogono\/2012\/09\/13\/presidente-do-ufc-agradece-lutadores-por-aceitarem-luta-no-ufc-rio\/","title":{"rendered":"Presidente do UFC agradece lutadores por aceitarem luta no UFC Rio"},"content":{"rendered":"<figure id=\"attachment_274\" aria-describedby=\"caption-attachment-274\" style=\"width: 500px\" class=\"wp-caption aligncenter\"><a href=\"https:\/\/blogs.gazetaesportiva.com\/planeta-octogono\/files\/2012\/09\/danawhite.jpg\"><img loading=\"lazy\" decoding=\"async\" class=\"size-full wp-image-274\" src=\"https:\/\/blogs.gazetaesportiva.com\/planeta-octogono\/files\/2012\/09\/danawhite.jpg\" alt=\"\" width=\"500\" height=\"375\" \/><\/a><figcaption id=\"caption-attachment-274\" class=\"wp-caption-text\">Presidente do UFC agradece a lutadores - Foto - Divulga\u00e7\u00e3o Twitter <\/figcaption><\/figure>\n<p>Depois de resolver o grande problema causado pelas les\u00f5es no UFC Rio, Dana White resolveu agradecer publicamente os lutadores.<\/p>\n<p>Usando seu twitter pessoal, Dana mandou um recado para Anderson Silva, Rodrigo Minotauro e os americanos que entram no card.<\/p>\n<p>&#8220;Muito respeito por Anderson, Minotauro, Bonnar, etc. Obrigado por entrarem no UFC 153. Brasil vai ser divertido! Rio, a\u00ed vamos n\u00f3s!&#8221; Agradeceu Dana.<\/p>\n<p>O evento ficou amea\u00e7ado ap\u00f3s os lutadores Jos\u00e9 Aldo e Quinton Jackson se machucarem e ficarem de fora dos combates principais do evento.<\/p>\n<p>O UFC Rio ir\u00e1 acontecer no HSBC Arena, no Rio de Janeiro, no dia 13 de outubro.<\/p>\n","protected":false},"excerpt":{"rendered":"<p>Depois de resolver o grande problema causado pelas les\u00f5es no UFC Rio, Dana White resolveu agradecer publicamente os lutadores. Usando seu twitter pessoal, Dana mandou <a class=\"read-more\" href=\"https:\/\/blogs.gazetaesportiva.com\/planeta-octogono\/2012\/09\/13\/presidente-do-ufc-agradece-lutadores-por-aceitarem-luta-no-ufc-rio\/\">leia mais<\/a><\/p>\n","protected":false},"author":33,"featured_media":0,"comment_status":"open","ping_status":"open","sticky":false,"template":"","format":"standard","meta":{"jetpack_post_was_ever_published":false,"_jetpack_newsletter_access":"","_jetpack_dont_email_post_to_subs":false,"_jetpack_newsletter_tier_id":0,"_jetpack_memberships_contains_paywalled_content":false,"_jetpack_memberships_contains_paid_content":false,"footnotes":"","jetpack_publicize_message":"","jetpack_publicize_feature_enabled":true,"jetpack_social_post_already_shared":false,"jetpack_social_options":{"image_generator_settings":{"template":"highway","default_image_id":0,"font":"","enabled":false},"version":2}},"categories":[1],"tags":[],"class_list":["post-397","post","type-post","status-publish","format-standard","hentry","category-principal"],"jetpack_publicize_connections":[],"jetpack_featured_media_url":"","jetpack_sharing_enabled":true,"jetpack_shortlink":"https:\/\/wp.me\/p6rqUQ-6p","_links":{"self":[{"href":"https:\/\/blogs.gazetaesportiva.com\/planeta-octogono\/wp-json\/wp\/v2\/posts\/397","targetHints":{"allow":["GET"]}}],"collection":[{"href":"https:\/\/blogs.gazetaesportiva.com\/planeta-octogono\/wp-json\/wp\/v2\/posts"}],"about":[{"href":"https:\/\/blogs.gazetaesportiva.com\/planeta-octogono\/wp-json\/wp\/v2\/types\/post"}],"author":[{"embeddable":true,"href":"https:\/\/blogs.gazetaesportiva.com\/planeta-octogono\/wp-json\/wp\/v2\/users\/33"}],"replies":[{"embeddable":true,"href":"https:\/\/blogs.gazetaesportiva.com\/planeta-octogono\/wp-json\/wp\/v2\/comments?post=397"}],"version-history":[{"count":0,"href":"https:\/\/blogs.gazetaesportiva.com\/planeta-octogono\/wp-json\/wp\/v2\/posts\/397\/revisions"}],"wp:attachment":[{"href":"https:\/\/blogs.gazetaesportiva.com\/planeta-octogono\/wp-json\/wp\/v2\/media?parent=397"}],"wp:term":[{"taxonomy":"category","embeddable":true,"href":"https:\/\/blogs.gazetaesportiva.com\/planeta-octogono\/wp-json\/wp\/v2\/categories?post=397"},{"taxonomy":"post_tag","embeddable":true,"href":"https:\/\/blogs.gazetaesportiva.com\/planeta-octogono\/wp-json\/wp\/v2\/tags?post=397"}],"curies":[{"name":"wp","href":"https:\/\/api.w.org\/{rel}","templated":true}]}}