{"id":394,"date":"2012-09-13T11:58:02","date_gmt":"2012-09-13T14:58:02","guid":{"rendered":"https:\/\/blogs.gazetaesportiva.com\/planeta-octogono\/?p=394"},"modified":"2012-09-13T11:58:02","modified_gmt":"2012-09-13T14:58:02","slug":"anderson-silva-e-rodrigo-minotauro-sao-escalados-para-salvar-o-ufc-rio-153","status":"publish","type":"post","link":"https:\/\/blogs.gazetaesportiva.com\/planeta-octogono\/2012\/09\/13\/anderson-silva-e-rodrigo-minotauro-sao-escalados-para-salvar-o-ufc-rio-153\/","title":{"rendered":"Anderson Silva e Rodrigo Minotauro s\u00e3o escalados para salvar o UFC Rio 153"},"content":{"rendered":"<figure id=\"attachment_395\" aria-describedby=\"caption-attachment-395\" style=\"width: 500px\" class=\"wp-caption aligncenter\"><a href=\"https:\/\/blogs.gazetaesportiva.com\/planeta-octogono\/files\/2012\/09\/Minotauro_Nogueria_500x325.png\"><img loading=\"lazy\" decoding=\"async\" class=\"size-full wp-image-395\" src=\"https:\/\/blogs.gazetaesportiva.com\/planeta-octogono\/files\/2012\/09\/Minotauro_Nogueria_500x325.png\" alt=\"\" width=\"500\" height=\"325\" \/><\/a><figcaption id=\"caption-attachment-395\" class=\"wp-caption-text\">Lendas do MMA tentar\u00e3o minimizar desastre ap\u00f3s baixas - Foto - Divulga\u00e7\u00e3o UFC<\/figcaption><\/figure>\n<p>Depois de todos os problemas que o UFC Rio 153 teve nesta semana, um alento foi anunciado pelo UFC.<\/p>\n<p>Anderson Silva e Rodrigo Minotauro foram escalados pelo evento para minimizar o desastre ap\u00f3s as les\u00f5es de Jos\u00e9 Aldo e Quinton Jackson.<\/p>\n<p>Rodrigo Minotauro (foto) enfrentar\u00e1 Dave Herman enquanto Anderson encara Stephen Bonnar, vice campe\u00e3o da primeira edi\u00e7\u00e3o do reality show de lutas do UFC, The Ultimate Fighter.<\/p>\n<p>O UFC Rio ser\u00e1 no dia 13 de outubro e ter\u00e1 transmiss\u00e3o do Rede Globo.<\/p>\n<p style=\"text-align: center\"><strong><br \/>\n<\/strong><\/p>\n<p style=\"text-align: center\"><strong>Conhe\u00e7a o advers\u00e1rio de Minotauro, Dave Herman:<\/strong><\/p>\n<p style=\"text-align: center\"><strong>[yframe url=&#8217;http:\/\/www.youtube.com\/watch?v=b4Cm_ODA5x8&#8242;]<\/strong><\/p>\n<p style=\"text-align: center\"><strong><br \/>\n<\/strong><\/p>\n<p style=\"text-align: center\"><strong>Conhe\u00e7a o advers\u00e1rio de Anderson Silva, Stephen Bonnar:<\/strong><\/p>\n<p style=\"text-align: center\"><strong>[yframe url=&#8217;http:\/\/www.youtube.com\/watch?v=GXfyzBZzisQ&#8217;]<\/strong><\/p>\n","protected":false},"excerpt":{"rendered":"<p>Depois de todos os problemas que o UFC Rio 153 teve nesta semana, um alento foi anunciado pelo UFC. Anderson Silva e Rodrigo Minotauro foram <a class=\"read-more\" href=\"https:\/\/blogs.gazetaesportiva.com\/planeta-octogono\/2012\/09\/13\/anderson-silva-e-rodrigo-minotauro-sao-escalados-para-salvar-o-ufc-rio-153\/\">leia mais<\/a><\/p>\n","protected":false},"author":33,"featured_media":395,"comment_status":"open","ping_status":"open","sticky":false,"template":"","format":"standard","meta":{"jetpack_post_was_ever_published":false,"_jetpack_newsletter_access":"","_jetpack_dont_email_post_to_subs":false,"_jetpack_newsletter_tier_id":0,"_jetpack_memberships_contains_paywalled_content":false,"_jetpack_memberships_contains_paid_content":false,"footnotes":"","jetpack_publicize_message":"","jetpack_publicize_feature_enabled":true,"jetpack_social_post_already_shared":false,"jetpack_social_options":{"image_generator_settings":{"template":"highway","default_image_id":0,"font":"","enabled":false},"version":2}},"categories":[1],"tags":[],"class_list":["post-394","post","type-post","status-publish","format-standard","has-post-thumbnail","hentry","category-principal"],"jetpack_publicize_connections":[],"jetpack_featured_media_url":"https:\/\/blogs.gazetaesportiva.com\/planeta-octogono\/files\/2012\/09\/Minotauro_Nogueria_500x325.png","jetpack_sharing_enabled":true,"jetpack_shortlink":"https:\/\/wp.me\/p6rqUQ-6m","_links":{"self":[{"href":"https:\/\/blogs.gazetaesportiva.com\/planeta-octogono\/wp-json\/wp\/v2\/posts\/394","targetHints":{"allow":["GET"]}}],"collection":[{"href":"https:\/\/blogs.gazetaesportiva.com\/planeta-octogono\/wp-json\/wp\/v2\/posts"}],"about":[{"href":"https:\/\/blogs.gazetaesportiva.com\/planeta-octogono\/wp-json\/wp\/v2\/types\/post"}],"author":[{"embeddable":true,"href":"https:\/\/blogs.gazetaesportiva.com\/planeta-octogono\/wp-json\/wp\/v2\/users\/33"}],"replies":[{"embeddable":true,"href":"https:\/\/blogs.gazetaesportiva.com\/planeta-octogono\/wp-json\/wp\/v2\/comments?post=394"}],"version-history":[{"count":0,"href":"https:\/\/blogs.gazetaesportiva.com\/planeta-octogono\/wp-json\/wp\/v2\/posts\/394\/revisions"}],"wp:featuredmedia":[{"embeddable":true,"href":"https:\/\/blogs.gazetaesportiva.com\/planeta-octogono\/wp-json\/wp\/v2\/media\/395"}],"wp:attachment":[{"href":"https:\/\/blogs.gazetaesportiva.com\/planeta-octogono\/wp-json\/wp\/v2\/media?parent=394"}],"wp:term":[{"taxonomy":"category","embeddable":true,"href":"https:\/\/blogs.gazetaesportiva.com\/planeta-octogono\/wp-json\/wp\/v2\/categories?post=394"},{"taxonomy":"post_tag","embeddable":true,"href":"https:\/\/blogs.gazetaesportiva.com\/planeta-octogono\/wp-json\/wp\/v2\/tags?post=394"}],"curies":[{"name":"wp","href":"https:\/\/api.w.org\/{rel}","templated":true}]}}