{"id":386,"date":"2012-09-12T15:57:45","date_gmt":"2012-09-12T18:57:45","guid":{"rendered":"https:\/\/blogs.gazetaesportiva.com\/planeta-octogono\/?p=386"},"modified":"2012-09-12T15:57:45","modified_gmt":"2012-09-12T18:57:45","slug":"anderson-silva-tera-contrato-global-com-a-nike-segundo-empresario","status":"publish","type":"post","link":"https:\/\/blogs.gazetaesportiva.com\/planeta-octogono\/2012\/09\/12\/anderson-silva-tera-contrato-global-com-a-nike-segundo-empresario\/","title":{"rendered":"Anderson Silva ter\u00e1 contrato global com a Nike, segundo empres\u00e1rio"},"content":{"rendered":"<figure id=\"attachment_387\" aria-describedby=\"caption-attachment-387\" style=\"width: 500px\" class=\"wp-caption aligncenter\"><a href=\"https:\/\/blogs.gazetaesportiva.com\/planeta-octogono\/files\/2012\/09\/AndersonSilva_Headshot2012.png\"><img loading=\"lazy\" decoding=\"async\" class=\"size-full wp-image-387\" src=\"https:\/\/blogs.gazetaesportiva.com\/planeta-octogono\/files\/2012\/09\/AndersonSilva_Headshot2012.png\" alt=\"\" width=\"500\" height=\"325\" \/><\/a><figcaption id=\"caption-attachment-387\" class=\"wp-caption-text\">Brasileiro tem contrato modificado com marca esportiva - Foto - Divulga\u00e7\u00e3o UFC<\/figcaption><\/figure>\n<p>Em entrevista ao site americano Bloody Elbow, Ed Soares confirmou que o contrato de Anderson Silva com a empresa esportiva Nike, ser\u00e1 modificado.<\/p>\n<p>&#8220;Come\u00e7amos com a Nike s\u00f3 no Brasil. Agora estamos estendendo para o mundo. Eu n\u00e3o penso que exista outro atleta de artes marciais que seja maior que o Anderson no mundo. Pessoas dizem que ele \u00e9 o &#8220;Michael Jordan&#8221; do MMA. \u00a0Ele \u00e9 um dos melhores lutadores que a empresa possui. E como a Nike sempre est\u00e1 ao lado dos melhores do mundo, penso que ele (Anderson) merece estar neste patamar. Patrocinar o Anderson \u00e9 melhor do que patrocinar qualquer outro atleta de MMA no mundo&#8221;. comentou o empres\u00e1rio.<\/p>\n<p>Anderson Silva \u00e9 patrocinado pela Nike, desde o combate contra Yushin Okami, no UFC Rio em 2011.<\/p>\n<p style=\"text-align: center\">\n","protected":false},"excerpt":{"rendered":"<p>Em entrevista ao site americano Bloody Elbow, Ed Soares confirmou que o contrato de Anderson Silva com a empresa esportiva Nike, ser\u00e1 modificado. &#8220;Come\u00e7amos com <a class=\"read-more\" href=\"https:\/\/blogs.gazetaesportiva.com\/planeta-octogono\/2012\/09\/12\/anderson-silva-tera-contrato-global-com-a-nike-segundo-empresario\/\">leia mais<\/a><\/p>\n","protected":false},"author":33,"featured_media":387,"comment_status":"open","ping_status":"open","sticky":false,"template":"","format":"standard","meta":{"jetpack_post_was_ever_published":false,"_jetpack_newsletter_access":"","_jetpack_dont_email_post_to_subs":false,"_jetpack_newsletter_tier_id":0,"_jetpack_memberships_contains_paywalled_content":false,"_jetpack_memberships_contains_paid_content":false,"footnotes":"","jetpack_publicize_message":"","jetpack_publicize_feature_enabled":true,"jetpack_social_post_already_shared":false,"jetpack_social_options":{"image_generator_settings":{"template":"highway","default_image_id":0,"font":"","enabled":false},"version":2}},"categories":[1],"tags":[],"class_list":["post-386","post","type-post","status-publish","format-standard","has-post-thumbnail","hentry","category-principal"],"jetpack_publicize_connections":[],"jetpack_featured_media_url":"https:\/\/blogs.gazetaesportiva.com\/planeta-octogono\/files\/2012\/09\/AndersonSilva_Headshot2012.png","jetpack_sharing_enabled":true,"jetpack_shortlink":"https:\/\/wp.me\/p6rqUQ-6e","_links":{"self":[{"href":"https:\/\/blogs.gazetaesportiva.com\/planeta-octogono\/wp-json\/wp\/v2\/posts\/386","targetHints":{"allow":["GET"]}}],"collection":[{"href":"https:\/\/blogs.gazetaesportiva.com\/planeta-octogono\/wp-json\/wp\/v2\/posts"}],"about":[{"href":"https:\/\/blogs.gazetaesportiva.com\/planeta-octogono\/wp-json\/wp\/v2\/types\/post"}],"author":[{"embeddable":true,"href":"https:\/\/blogs.gazetaesportiva.com\/planeta-octogono\/wp-json\/wp\/v2\/users\/33"}],"replies":[{"embeddable":true,"href":"https:\/\/blogs.gazetaesportiva.com\/planeta-octogono\/wp-json\/wp\/v2\/comments?post=386"}],"version-history":[{"count":0,"href":"https:\/\/blogs.gazetaesportiva.com\/planeta-octogono\/wp-json\/wp\/v2\/posts\/386\/revisions"}],"wp:featuredmedia":[{"embeddable":true,"href":"https:\/\/blogs.gazetaesportiva.com\/planeta-octogono\/wp-json\/wp\/v2\/media\/387"}],"wp:attachment":[{"href":"https:\/\/blogs.gazetaesportiva.com\/planeta-octogono\/wp-json\/wp\/v2\/media?parent=386"}],"wp:term":[{"taxonomy":"category","embeddable":true,"href":"https:\/\/blogs.gazetaesportiva.com\/planeta-octogono\/wp-json\/wp\/v2\/categories?post=386"},{"taxonomy":"post_tag","embeddable":true,"href":"https:\/\/blogs.gazetaesportiva.com\/planeta-octogono\/wp-json\/wp\/v2\/tags?post=386"}],"curies":[{"name":"wp","href":"https:\/\/api.w.org\/{rel}","templated":true}]}}