{"id":3852,"date":"2013-03-03T21:00:01","date_gmt":"2013-03-04T00:00:01","guid":{"rendered":"https:\/\/blogs.gazetaesportiva.com\/planeta-octogono\/?p=3852"},"modified":"2013-03-03T21:00:01","modified_gmt":"2013-03-04T00:00:01","slug":"ciente-de-aposentadoria-wanderlei-silva-ainda-quer-continuar-lutando","status":"publish","type":"post","link":"https:\/\/blogs.gazetaesportiva.com\/planeta-octogono\/2013\/03\/03\/ciente-de-aposentadoria-wanderlei-silva-ainda-quer-continuar-lutando\/","title":{"rendered":"Ciente de aposentadoria, Wanderlei Silva ainda quer continuar lutando"},"content":{"rendered":"<figure id=\"attachment_2210\" aria-describedby=\"caption-attachment-2210\" style=\"width: 360px\" class=\"wp-caption aligncenter\"><a href=\"https:\/\/blogs.gazetaesportiva.com\/planeta-octogono\/files\/2012\/12\/UFC147_Weighins_79.jpg\"><img loading=\"lazy\" decoding=\"async\" class=\"size-full wp-image-2210  \" src=\"https:\/\/blogs.gazetaesportiva.com\/planeta-octogono\/files\/2012\/12\/UFC147_Weighins_79.jpg\" alt=\"\" width=\"360\" height=\"518\" \/><\/a><figcaption id=\"caption-attachment-2210\" class=\"wp-caption-text\">Wanderlei quer continuar lutando - Wander Roberto\/Inovafoto<\/figcaption><\/figure>\n<div dir=\"ltr\">Mesmo com a grande vit\u00f3ria sobre Brian Stann, todos os f\u00e3s questionam quando Wanderlei Silva ir\u00e1 pendurar as luvas.<\/div>\n<div dir=\"ltr\"><\/div>\n<div dir=\"ltr\">Ele sabe que a data para a aposentadoria est\u00e1 cada vez mais perto, mas ap\u00f3s o triunfo sobre Brian Stann, isso s\u00f3 alimenta a sua vontade de continuar.<\/div>\n<div dir=\"ltr\"><\/div>\n<div dir=\"ltr\">&#8220;Brian Stann \u00e9 um advers\u00e1rio dif\u00edcil.\u00a0Ele tem um soco muito forte &#8220;, disse Silva na confer\u00eancia de imprensa p\u00f3s-luta.<\/div>\n<div dir=\"ltr\"><\/div>\n<div dir=\"ltr\">&#8220;Eu bati nele e ele bateu em mim, e eu sentia as porradas dele em alguns momentos, mas esse \u00e9 o tipo de luta que eu gosto de fazer.<\/div>\n<div dir=\"ltr\"><\/div>\n<div dir=\"ltr\">Ele \u00e9 um cara forte, um guerreiro, ele veio para lutar, n\u00e3o vai embora, n\u00e3o corre.\u00a0Ele est\u00e1 l\u00e1 para fazer o trabalho. &#8220;<\/div>\n<div dir=\"ltr\"><\/div>\n<div dir=\"ltr\">Silva enfrentou grandes batalhas ao longo dos anos, e sua sa\u00fade j\u00e1 foi ao extremos em diversas oportunidades, o dia\u00a0est\u00e1 chegando, mas o dia n\u00e3o \u00e9 hoje.<\/p>\n<p>&#8220;Eu luto uma luta de cada vez agora&#8221;, afirmou Silva.\u00a0&#8220;Sinto-me saud\u00e1vel, mas eu sei que mais cedo ou mais tarde eu vou precisar parar o trabalho, mas estou feliz por ter esse sentimento, essa energia dos meus f\u00e3s, fazer o show para os meus f\u00e3s, fazer meus f\u00e3s felizes.&#8221;<\/p><\/div>\n<div dir=\"ltr\"><\/div>\n<div dir=\"ltr\">&#8220;Estou t\u00e3o feliz que o UFC me deu a oportunidade para eu lutar pela \u00faltima vez no Brasil e lutando aqui&#8221;, disse ele, mas deixou a porta aberta para mais.<\/div>\n<div dir=\"ltr\"><\/div>\n<div dir=\"ltr\">&#8220;Se o UFC me d\u00e1 a oportunidade de voltar aqui, eu estou feliz de lutar no Jap\u00e3o novamente.\u00a0&#8220;Eu tenho os melhores momentos da minha vida aqui e, hoje, \u00e9 mais um.&#8221; disse o brasileiro<\/div>\n","protected":false},"excerpt":{"rendered":"<p>Mesmo com a grande vit\u00f3ria sobre Brian Stann, todos os f\u00e3s questionam quando Wanderlei Silva ir\u00e1 pendurar as luvas. Ele sabe que a data para <a class=\"read-more\" href=\"https:\/\/blogs.gazetaesportiva.com\/planeta-octogono\/2013\/03\/03\/ciente-de-aposentadoria-wanderlei-silva-ainda-quer-continuar-lutando\/\">leia mais<\/a><\/p>\n","protected":false},"author":33,"featured_media":0,"comment_status":"open","ping_status":"open","sticky":false,"template":"","format":"standard","meta":{"jetpack_post_was_ever_published":false,"_jetpack_newsletter_access":"","_jetpack_dont_email_post_to_subs":false,"_jetpack_newsletter_tier_id":0,"_jetpack_memberships_contains_paywalled_content":false,"_jetpack_memberships_contains_paid_content":false,"footnotes":"","jetpack_publicize_message":"","jetpack_publicize_feature_enabled":true,"jetpack_social_post_already_shared":false,"jetpack_social_options":{"image_generator_settings":{"template":"highway","default_image_id":0,"font":"","enabled":false},"version":2}},"categories":[1],"tags":[],"class_list":["post-3852","post","type-post","status-publish","format-standard","hentry","category-principal"],"jetpack_publicize_connections":[],"jetpack_featured_media_url":"","jetpack_sharing_enabled":true,"jetpack_shortlink":"https:\/\/wp.me\/p6rqUQ-108","_links":{"self":[{"href":"https:\/\/blogs.gazetaesportiva.com\/planeta-octogono\/wp-json\/wp\/v2\/posts\/3852","targetHints":{"allow":["GET"]}}],"collection":[{"href":"https:\/\/blogs.gazetaesportiva.com\/planeta-octogono\/wp-json\/wp\/v2\/posts"}],"about":[{"href":"https:\/\/blogs.gazetaesportiva.com\/planeta-octogono\/wp-json\/wp\/v2\/types\/post"}],"author":[{"embeddable":true,"href":"https:\/\/blogs.gazetaesportiva.com\/planeta-octogono\/wp-json\/wp\/v2\/users\/33"}],"replies":[{"embeddable":true,"href":"https:\/\/blogs.gazetaesportiva.com\/planeta-octogono\/wp-json\/wp\/v2\/comments?post=3852"}],"version-history":[{"count":0,"href":"https:\/\/blogs.gazetaesportiva.com\/planeta-octogono\/wp-json\/wp\/v2\/posts\/3852\/revisions"}],"wp:attachment":[{"href":"https:\/\/blogs.gazetaesportiva.com\/planeta-octogono\/wp-json\/wp\/v2\/media?parent=3852"}],"wp:term":[{"taxonomy":"category","embeddable":true,"href":"https:\/\/blogs.gazetaesportiva.com\/planeta-octogono\/wp-json\/wp\/v2\/categories?post=3852"},{"taxonomy":"post_tag","embeddable":true,"href":"https:\/\/blogs.gazetaesportiva.com\/planeta-octogono\/wp-json\/wp\/v2\/tags?post=3852"}],"curies":[{"name":"wp","href":"https:\/\/api.w.org\/{rel}","templated":true}]}}