{"id":3836,"date":"2013-03-02T13:31:00","date_gmt":"2013-03-02T16:31:00","guid":{"rendered":"https:\/\/blogs.gazetaesportiva.com\/planeta-octogono\/?p=3836"},"modified":"2013-03-02T18:01:58","modified_gmt":"2013-03-02T21:01:58","slug":"pesagem-cheia-de-brasileiros-agita-o-ufc-japao-em-saitama","status":"publish","type":"post","link":"https:\/\/blogs.gazetaesportiva.com\/planeta-octogono\/2013\/03\/02\/pesagem-cheia-de-brasileiros-agita-o-ufc-japao-em-saitama\/","title":{"rendered":"Pesagem cheia de brasileiros agita o UFC Jap\u00e3o, em Saitama"},"content":{"rendered":"<figure id=\"attachment_3837\" aria-describedby=\"caption-attachment-3837\" style=\"width: 484px\" class=\"wp-caption aligncenter\"><a href=\"https:\/\/blogs.gazetaesportiva.com\/planeta-octogono\/files\/2013\/03\/IMG_2869.jpg\"><img loading=\"lazy\" decoding=\"async\" class=\"size-full wp-image-3837    \" src=\"https:\/\/blogs.gazetaesportiva.com\/planeta-octogono\/files\/2013\/03\/IMG_2869.jpg\" alt=\"\" width=\"484\" height=\"272\" \/><\/a><figcaption id=\"caption-attachment-3837\" class=\"wp-caption-text\">Wanderlei Silva encara Brian Stann na pesagem - Bruno Massami<\/figcaption><\/figure>\n<p>Nesta sexta feira, a pesagem oficial do UFC Jap\u00e3o, aconteceu no Saitama Super Arena, contando com 4 brasileiros.<\/p>\n<p>Com Marcelo Guimar\u00e3es , Cristiano Marcello, Rani Yahya e Wanderlei Silva o pa\u00eds ser\u00e1 representados por estes lutadores.<\/p>\n<p>Cristiano Marcello, fez uma homenagem ao lutador japon\u00eas Kazushi Sakuraba, e chamou a aten\u00e7\u00e3o com uma sunga de uma famosa marca, chamando a aten\u00e7\u00e3o de todos.<\/p>\n<p style=\"text-align: center\"><strong>Veja a abertura da pesagem do UFC Jap\u00e3o:<\/strong><\/p>\n<p style=\"text-align: center\"><strong>[yframe url=&#8217;http:\/\/www.youtube.com\/watch?v=ULNzm7nDq9s&#8217;]<\/strong><\/p>\n<p style=\"text-align: center\"><strong><br \/>\n<\/strong><\/p>\n<p style=\"text-align: center\"><strong>Veja a pesagem gravada direto do Saitama Arena:<\/strong><\/p>\n<p style=\"text-align: center\"><strong>[yframe url=&#8217;http:\/\/www.youtube.com\/watch?v=oX-LHF7K_QE&#8217;]<\/strong><\/p>\n<p style=\"text-align: center\"><strong> <\/strong><\/p>\n","protected":false},"excerpt":{"rendered":"<p>Nesta sexta feira, a pesagem oficial do UFC Jap\u00e3o, aconteceu no Saitama Super Arena, contando com 4 brasileiros. Com Marcelo Guimar\u00e3es , Cristiano Marcello, Rani <a class=\"read-more\" href=\"https:\/\/blogs.gazetaesportiva.com\/planeta-octogono\/2013\/03\/02\/pesagem-cheia-de-brasileiros-agita-o-ufc-japao-em-saitama\/\">leia mais<\/a><\/p>\n","protected":false},"author":33,"featured_media":3837,"comment_status":"open","ping_status":"open","sticky":false,"template":"","format":"standard","meta":{"jetpack_post_was_ever_published":false,"_jetpack_newsletter_access":"","_jetpack_dont_email_post_to_subs":false,"_jetpack_newsletter_tier_id":0,"_jetpack_memberships_contains_paywalled_content":false,"_jetpack_memberships_contains_paid_content":false,"footnotes":"","jetpack_publicize_message":"","jetpack_publicize_feature_enabled":true,"jetpack_social_post_already_shared":false,"jetpack_social_options":{"image_generator_settings":{"template":"highway","default_image_id":0,"font":"","enabled":false},"version":2}},"categories":[1],"tags":[],"class_list":["post-3836","post","type-post","status-publish","format-standard","has-post-thumbnail","hentry","category-principal"],"jetpack_publicize_connections":[],"jetpack_featured_media_url":"https:\/\/blogs.gazetaesportiva.com\/planeta-octogono\/files\/2013\/03\/IMG_2869.jpg","jetpack_sharing_enabled":true,"jetpack_shortlink":"https:\/\/wp.me\/p6rqUQ-ZS","_links":{"self":[{"href":"https:\/\/blogs.gazetaesportiva.com\/planeta-octogono\/wp-json\/wp\/v2\/posts\/3836","targetHints":{"allow":["GET"]}}],"collection":[{"href":"https:\/\/blogs.gazetaesportiva.com\/planeta-octogono\/wp-json\/wp\/v2\/posts"}],"about":[{"href":"https:\/\/blogs.gazetaesportiva.com\/planeta-octogono\/wp-json\/wp\/v2\/types\/post"}],"author":[{"embeddable":true,"href":"https:\/\/blogs.gazetaesportiva.com\/planeta-octogono\/wp-json\/wp\/v2\/users\/33"}],"replies":[{"embeddable":true,"href":"https:\/\/blogs.gazetaesportiva.com\/planeta-octogono\/wp-json\/wp\/v2\/comments?post=3836"}],"version-history":[{"count":0,"href":"https:\/\/blogs.gazetaesportiva.com\/planeta-octogono\/wp-json\/wp\/v2\/posts\/3836\/revisions"}],"wp:featuredmedia":[{"embeddable":true,"href":"https:\/\/blogs.gazetaesportiva.com\/planeta-octogono\/wp-json\/wp\/v2\/media\/3837"}],"wp:attachment":[{"href":"https:\/\/blogs.gazetaesportiva.com\/planeta-octogono\/wp-json\/wp\/v2\/media?parent=3836"}],"wp:term":[{"taxonomy":"category","embeddable":true,"href":"https:\/\/blogs.gazetaesportiva.com\/planeta-octogono\/wp-json\/wp\/v2\/categories?post=3836"},{"taxonomy":"post_tag","embeddable":true,"href":"https:\/\/blogs.gazetaesportiva.com\/planeta-octogono\/wp-json\/wp\/v2\/tags?post=3836"}],"curies":[{"name":"wp","href":"https:\/\/api.w.org\/{rel}","templated":true}]}}