{"id":3830,"date":"2013-03-01T14:23:15","date_gmt":"2013-03-01T17:23:15","guid":{"rendered":"https:\/\/blogs.gazetaesportiva.com\/planeta-octogono\/?p=3830"},"modified":"2013-03-01T14:23:15","modified_gmt":"2013-03-01T17:23:15","slug":"ufc-japao-entrevista-com-treinador-de-wanderlei-silva-rafael-cordeiro","status":"publish","type":"post","link":"https:\/\/blogs.gazetaesportiva.com\/planeta-octogono\/2013\/03\/01\/ufc-japao-entrevista-com-treinador-de-wanderlei-silva-rafael-cordeiro\/","title":{"rendered":"UFC Jap\u00e3o &#8211; Entrevista com treinador de Wanderlei Silva, Rafael Cordeiro"},"content":{"rendered":"<p style=\"text-align: center\">\n<figure id=\"attachment_3831\" aria-describedby=\"caption-attachment-3831\" style=\"width: 498px\" class=\"wp-caption aligncenter\"><a href=\"https:\/\/blogs.gazetaesportiva.com\/planeta-octogono\/files\/2013\/03\/IMG_2726.jpg\"><img loading=\"lazy\" decoding=\"async\" class=\"size-full wp-image-3831    \" src=\"https:\/\/blogs.gazetaesportiva.com\/planeta-octogono\/files\/2013\/03\/IMG_2726.jpg\" alt=\"\" width=\"498\" height=\"280\" \/><\/a><figcaption id=\"caption-attachment-3831\" class=\"wp-caption-text\">Rafael conta sobre carreira e luta de Wanderlei Silva - Foto  - Bruno Massami<\/figcaption><\/figure>\n<p style=\"text-align: left\">Em Entrevista para o Planeta Oct\u00f3gono, o treinador de Muay Thai, de Wanderlei Silva, que encara Brian Stann no UFC Jap\u00e3o, contou como tem sido a prepara\u00e7\u00e3o do lutador para\u00a0 o combate.<\/p>\n<p style=\"text-align: left\">\n<p style=\"text-align: left\">Al\u00e9m disso, falou sobre TUF Brasil, sua carreira no MMA e planos para o futuro.<\/p>\n<p style=\"text-align: left\">\n<p style=\"text-align: center\">\n<p style=\"text-align: center\"><strong>Veja na \u00edntegra a entresvista:<\/strong><\/p>\n<p style=\"text-align: center\"><strong>[yframe url=&#8217;http:\/\/www.youtube.com\/watch?v=dfUzvYcL8eI&#8217;]<\/strong><\/p>\n<p style=\"text-align: center\">\n<p style=\"text-align: center\">\n<p style=\"text-align: left\">\n","protected":false},"excerpt":{"rendered":"<p>Em Entrevista para o Planeta Oct\u00f3gono, o treinador de Muay Thai, de Wanderlei Silva, que encara Brian Stann no UFC Jap\u00e3o, contou como tem sido <a class=\"read-more\" href=\"https:\/\/blogs.gazetaesportiva.com\/planeta-octogono\/2013\/03\/01\/ufc-japao-entrevista-com-treinador-de-wanderlei-silva-rafael-cordeiro\/\">leia mais<\/a><\/p>\n","protected":false},"author":33,"featured_media":3831,"comment_status":"open","ping_status":"open","sticky":false,"template":"","format":"standard","meta":{"jetpack_post_was_ever_published":false,"_jetpack_newsletter_access":"","_jetpack_dont_email_post_to_subs":false,"_jetpack_newsletter_tier_id":0,"_jetpack_memberships_contains_paywalled_content":false,"_jetpack_memberships_contains_paid_content":false,"footnotes":"","jetpack_publicize_message":"","jetpack_publicize_feature_enabled":true,"jetpack_social_post_already_shared":false,"jetpack_social_options":{"image_generator_settings":{"template":"highway","default_image_id":0,"font":"","enabled":false},"version":2}},"categories":[1],"tags":[],"class_list":["post-3830","post","type-post","status-publish","format-standard","has-post-thumbnail","hentry","category-principal"],"jetpack_publicize_connections":[],"jetpack_featured_media_url":"https:\/\/blogs.gazetaesportiva.com\/planeta-octogono\/files\/2013\/03\/IMG_2726.jpg","jetpack_sharing_enabled":true,"jetpack_shortlink":"https:\/\/wp.me\/p6rqUQ-ZM","_links":{"self":[{"href":"https:\/\/blogs.gazetaesportiva.com\/planeta-octogono\/wp-json\/wp\/v2\/posts\/3830","targetHints":{"allow":["GET"]}}],"collection":[{"href":"https:\/\/blogs.gazetaesportiva.com\/planeta-octogono\/wp-json\/wp\/v2\/posts"}],"about":[{"href":"https:\/\/blogs.gazetaesportiva.com\/planeta-octogono\/wp-json\/wp\/v2\/types\/post"}],"author":[{"embeddable":true,"href":"https:\/\/blogs.gazetaesportiva.com\/planeta-octogono\/wp-json\/wp\/v2\/users\/33"}],"replies":[{"embeddable":true,"href":"https:\/\/blogs.gazetaesportiva.com\/planeta-octogono\/wp-json\/wp\/v2\/comments?post=3830"}],"version-history":[{"count":0,"href":"https:\/\/blogs.gazetaesportiva.com\/planeta-octogono\/wp-json\/wp\/v2\/posts\/3830\/revisions"}],"wp:featuredmedia":[{"embeddable":true,"href":"https:\/\/blogs.gazetaesportiva.com\/planeta-octogono\/wp-json\/wp\/v2\/media\/3831"}],"wp:attachment":[{"href":"https:\/\/blogs.gazetaesportiva.com\/planeta-octogono\/wp-json\/wp\/v2\/media?parent=3830"}],"wp:term":[{"taxonomy":"category","embeddable":true,"href":"https:\/\/blogs.gazetaesportiva.com\/planeta-octogono\/wp-json\/wp\/v2\/categories?post=3830"},{"taxonomy":"post_tag","embeddable":true,"href":"https:\/\/blogs.gazetaesportiva.com\/planeta-octogono\/wp-json\/wp\/v2\/tags?post=3830"}],"curies":[{"name":"wp","href":"https:\/\/api.w.org\/{rel}","templated":true}]}}