{"id":3827,"date":"2013-03-01T14:17:44","date_gmt":"2013-03-01T17:17:44","guid":{"rendered":"https:\/\/blogs.gazetaesportiva.com\/planeta-octogono\/?p=3827"},"modified":"2013-03-01T14:17:44","modified_gmt":"2013-03-01T17:17:44","slug":"ufc-japao-entrevista-com-marcelo-zulu","status":"publish","type":"post","link":"https:\/\/blogs.gazetaesportiva.com\/planeta-octogono\/2013\/03\/01\/ufc-japao-entrevista-com-marcelo-zulu\/","title":{"rendered":"UFC Jap\u00e3o &#8211; Entrevista com Marcelo Zulu"},"content":{"rendered":"<figure id=\"attachment_3828\" aria-describedby=\"caption-attachment-3828\" style=\"width: 319px\" class=\"wp-caption aligncenter\"><a href=\"https:\/\/blogs.gazetaesportiva.com\/planeta-octogono\/files\/2013\/03\/1185225112.g.jpg\"><img loading=\"lazy\" decoding=\"async\" class=\"size-full wp-image-3828\" src=\"https:\/\/blogs.gazetaesportiva.com\/planeta-octogono\/files\/2013\/03\/1185225112.g.jpg\" alt=\"\" width=\"319\" height=\"425\" \/><\/a><figcaption id=\"caption-attachment-3828\" class=\"wp-caption-text\">Lutador conta sobre prepara\u00e7\u00e3o, carreira e luta ol\u00edmpica - Foto Arquivo Pessoal<\/figcaption><\/figure>\n<p>Assista a entrevista com o treinador de Wrestling de Cristiano Marcello, Marcelo Zulu, que tamb\u00e9m \u00e9 da sele\u00e7\u00e3o ol\u00edmpica da modalidade, contou sobre a pol\u00eamica futura exclus\u00e3o de seu esportes na olimp\u00edada, e de seu trabalho como treinador do lutador.<\/p>\n<p style=\"text-align: center\"><strong><br \/>\n<\/strong><\/p>\n<p style=\"text-align: center\"><strong>Veja a entrevista na \u00edntegra:<\/strong><\/p>\n<p style=\"text-align: center\"><strong>[yframe url=&#8217;http:\/\/www.youtube.com\/watch?v=YU6PEEK6IkA&#8217;]<\/strong><\/p>\n","protected":false},"excerpt":{"rendered":"<p>Assista a entrevista com o treinador de Wrestling de Cristiano Marcello, Marcelo Zulu, que tamb\u00e9m \u00e9 da sele\u00e7\u00e3o ol\u00edmpica da modalidade, contou sobre a pol\u00eamica <a class=\"read-more\" href=\"https:\/\/blogs.gazetaesportiva.com\/planeta-octogono\/2013\/03\/01\/ufc-japao-entrevista-com-marcelo-zulu\/\">leia mais<\/a><\/p>\n","protected":false},"author":33,"featured_media":3828,"comment_status":"open","ping_status":"open","sticky":false,"template":"","format":"standard","meta":{"jetpack_post_was_ever_published":false,"_jetpack_newsletter_access":"","_jetpack_dont_email_post_to_subs":false,"_jetpack_newsletter_tier_id":0,"_jetpack_memberships_contains_paywalled_content":false,"_jetpack_memberships_contains_paid_content":false,"footnotes":"","jetpack_publicize_message":"","jetpack_publicize_feature_enabled":true,"jetpack_social_post_already_shared":false,"jetpack_social_options":{"image_generator_settings":{"template":"highway","default_image_id":0,"font":"","enabled":false},"version":2}},"categories":[1],"tags":[],"class_list":["post-3827","post","type-post","status-publish","format-standard","has-post-thumbnail","hentry","category-principal"],"jetpack_publicize_connections":[],"jetpack_featured_media_url":"https:\/\/blogs.gazetaesportiva.com\/planeta-octogono\/files\/2013\/03\/1185225112.g.jpg","jetpack_sharing_enabled":true,"jetpack_shortlink":"https:\/\/wp.me\/p6rqUQ-ZJ","_links":{"self":[{"href":"https:\/\/blogs.gazetaesportiva.com\/planeta-octogono\/wp-json\/wp\/v2\/posts\/3827","targetHints":{"allow":["GET"]}}],"collection":[{"href":"https:\/\/blogs.gazetaesportiva.com\/planeta-octogono\/wp-json\/wp\/v2\/posts"}],"about":[{"href":"https:\/\/blogs.gazetaesportiva.com\/planeta-octogono\/wp-json\/wp\/v2\/types\/post"}],"author":[{"embeddable":true,"href":"https:\/\/blogs.gazetaesportiva.com\/planeta-octogono\/wp-json\/wp\/v2\/users\/33"}],"replies":[{"embeddable":true,"href":"https:\/\/blogs.gazetaesportiva.com\/planeta-octogono\/wp-json\/wp\/v2\/comments?post=3827"}],"version-history":[{"count":0,"href":"https:\/\/blogs.gazetaesportiva.com\/planeta-octogono\/wp-json\/wp\/v2\/posts\/3827\/revisions"}],"wp:featuredmedia":[{"embeddable":true,"href":"https:\/\/blogs.gazetaesportiva.com\/planeta-octogono\/wp-json\/wp\/v2\/media\/3828"}],"wp:attachment":[{"href":"https:\/\/blogs.gazetaesportiva.com\/planeta-octogono\/wp-json\/wp\/v2\/media?parent=3827"}],"wp:term":[{"taxonomy":"category","embeddable":true,"href":"https:\/\/blogs.gazetaesportiva.com\/planeta-octogono\/wp-json\/wp\/v2\/categories?post=3827"},{"taxonomy":"post_tag","embeddable":true,"href":"https:\/\/blogs.gazetaesportiva.com\/planeta-octogono\/wp-json\/wp\/v2\/tags?post=3827"}],"curies":[{"name":"wp","href":"https:\/\/api.w.org\/{rel}","templated":true}]}}