{"id":3820,"date":"2013-02-28T10:08:42","date_gmt":"2013-02-28T13:08:42","guid":{"rendered":"https:\/\/blogs.gazetaesportiva.com\/planeta-octogono\/?p=3820"},"modified":"2013-02-28T10:08:42","modified_gmt":"2013-02-28T13:08:42","slug":"veja-a-coletiva-do-ufc-japao-com-presenca-do-planeta-octogono","status":"publish","type":"post","link":"https:\/\/blogs.gazetaesportiva.com\/planeta-octogono\/2013\/02\/28\/veja-a-coletiva-do-ufc-japao-com-presenca-do-planeta-octogono\/","title":{"rendered":"Veja a coletiva do UFC Jap\u00e3o com presen\u00e7a do Planeta Oct\u00f3gono"},"content":{"rendered":"<figure id=\"attachment_3811\" aria-describedby=\"caption-attachment-3811\" style=\"width: 511px\" class=\"wp-caption aligncenter\"><a href=\"https:\/\/blogs.gazetaesportiva.com\/planeta-octogono\/files\/2013\/02\/ufcjapao1.png\"><img loading=\"lazy\" decoding=\"async\" class=\"size-full wp-image-3811 \" src=\"https:\/\/blogs.gazetaesportiva.com\/planeta-octogono\/files\/2013\/02\/ufcjapao1.png\" alt=\"\" width=\"511\" height=\"189\" \/><\/a><figcaption id=\"caption-attachment-3811\" class=\"wp-caption-text\">Assista a coletiva de imprensa do UFC Jap\u00e3o - Divulga\u00e7\u00e3o UFC<\/figcaption><\/figure>\n<p>O Planeta Oct\u00f3gono esteve presente na coletiva de imprensa do UFC Jap\u00e3o, que aconteceu nesta quarta feira.<\/p>\n<p>Fazendo perguntas aos dois lutadores que fazem a luta principal do card, o brasileiro Wanderlei Silva, e o americano Brian Stann, o evento contou ainda com as participa\u00e7\u00f5es de Takanori Gomi, Diego Sanchez, Hector Lombard, Mark Hunt, Stefan Struve e Yushin Okami.<\/p>\n<p style=\"text-align: center\"><strong><br \/>\n<\/strong><\/p>\n<p style=\"text-align: center\"><strong>Veja na \u00edntegra:<\/strong><\/p>\n<p style=\"text-align: center\"><strong><br \/>\n<\/strong><\/p>\n<p style=\"text-align: center\"><strong>[yframe url=&#8217;http:\/\/www.youtube.com\/watch?v=IbXyz_0MP6M&#8217;]<\/strong><\/p>\n","protected":false},"excerpt":{"rendered":"<p>O Planeta Oct\u00f3gono esteve presente na coletiva de imprensa do UFC Jap\u00e3o, que aconteceu nesta quarta feira. Fazendo perguntas aos dois lutadores que fazem a <a class=\"read-more\" href=\"https:\/\/blogs.gazetaesportiva.com\/planeta-octogono\/2013\/02\/28\/veja-a-coletiva-do-ufc-japao-com-presenca-do-planeta-octogono\/\">leia mais<\/a><\/p>\n","protected":false},"author":33,"featured_media":0,"comment_status":"open","ping_status":"open","sticky":false,"template":"","format":"standard","meta":{"jetpack_post_was_ever_published":false,"_jetpack_newsletter_access":"","_jetpack_dont_email_post_to_subs":false,"_jetpack_newsletter_tier_id":0,"_jetpack_memberships_contains_paywalled_content":false,"_jetpack_memberships_contains_paid_content":false,"footnotes":"","jetpack_publicize_message":"","jetpack_publicize_feature_enabled":true,"jetpack_social_post_already_shared":false,"jetpack_social_options":{"image_generator_settings":{"template":"highway","default_image_id":0,"font":"","enabled":false},"version":2}},"categories":[1],"tags":[],"class_list":["post-3820","post","type-post","status-publish","format-standard","hentry","category-principal"],"jetpack_publicize_connections":[],"jetpack_featured_media_url":"","jetpack_sharing_enabled":true,"jetpack_shortlink":"https:\/\/wp.me\/p6rqUQ-ZC","_links":{"self":[{"href":"https:\/\/blogs.gazetaesportiva.com\/planeta-octogono\/wp-json\/wp\/v2\/posts\/3820","targetHints":{"allow":["GET"]}}],"collection":[{"href":"https:\/\/blogs.gazetaesportiva.com\/planeta-octogono\/wp-json\/wp\/v2\/posts"}],"about":[{"href":"https:\/\/blogs.gazetaesportiva.com\/planeta-octogono\/wp-json\/wp\/v2\/types\/post"}],"author":[{"embeddable":true,"href":"https:\/\/blogs.gazetaesportiva.com\/planeta-octogono\/wp-json\/wp\/v2\/users\/33"}],"replies":[{"embeddable":true,"href":"https:\/\/blogs.gazetaesportiva.com\/planeta-octogono\/wp-json\/wp\/v2\/comments?post=3820"}],"version-history":[{"count":0,"href":"https:\/\/blogs.gazetaesportiva.com\/planeta-octogono\/wp-json\/wp\/v2\/posts\/3820\/revisions"}],"wp:attachment":[{"href":"https:\/\/blogs.gazetaesportiva.com\/planeta-octogono\/wp-json\/wp\/v2\/media?parent=3820"}],"wp:term":[{"taxonomy":"category","embeddable":true,"href":"https:\/\/blogs.gazetaesportiva.com\/planeta-octogono\/wp-json\/wp\/v2\/categories?post=3820"},{"taxonomy":"post_tag","embeddable":true,"href":"https:\/\/blogs.gazetaesportiva.com\/planeta-octogono\/wp-json\/wp\/v2\/tags?post=3820"}],"curies":[{"name":"wp","href":"https:\/\/api.w.org\/{rel}","templated":true}]}}