{"id":382,"date":"2012-09-12T15:35:15","date_gmt":"2012-09-12T18:35:15","guid":{"rendered":"https:\/\/blogs.gazetaesportiva.com\/planeta-octogono\/?p=382"},"modified":"2012-09-12T15:35:15","modified_gmt":"2012-09-12T18:35:15","slug":"combate-da-semana-vitor-belfort-vs-tank-abbott","status":"publish","type":"post","link":"https:\/\/blogs.gazetaesportiva.com\/planeta-octogono\/2012\/09\/12\/combate-da-semana-vitor-belfort-vs-tank-abbott\/","title":{"rendered":"Combate da Semana &#8211; Vitor Belfort vs Tank Abbott"},"content":{"rendered":"<figure id=\"attachment_383\" aria-describedby=\"caption-attachment-383\" style=\"width: 389px\" class=\"wp-caption aligncenter\"><a href=\"https:\/\/blogs.gazetaesportiva.com\/planeta-octogono\/files\/2012\/09\/152-vitor-fighter_289856_feature_image.png\"><img loading=\"lazy\" decoding=\"async\" class=\"size-full wp-image-383 \" src=\"https:\/\/blogs.gazetaesportiva.com\/planeta-octogono\/files\/2012\/09\/152-vitor-fighter_289856_feature_image.png\" alt=\"\" width=\"389\" height=\"236\" \/><\/a><figcaption id=\"caption-attachment-383\" class=\"wp-caption-text\">Brasileiro enfrentou famoso lutador americano - Foto - Divulga\u00e7\u00e3o UFC<\/figcaption><\/figure>\n<p>Augusta, estado da \u00a0Ge\u00f3rgia nos Estados Unidos, 30 de maio de 1997.<\/p>\n<p>Numa \u00e9poca aonde o UFC n\u00e3o era um evento conhecido como \u00e9 hoje, dois lutadores se enfrentavam.<\/p>\n<p>Vitor Belfort que no momento era a grande esperan\u00e7a do futuro do esporte do Brasil, enfrentava David &#8220;Tank&#8221; Abbott.<\/p>\n<p>O brasileiro que foi campe\u00e3o do torneio peso pesado, lutava pela primeira vez ap\u00f3s a conquista.<\/p>\n<p>Conhecido pelo apelido de &#8220;Fen\u00f4meno&#8221; ap\u00f3s vencer o torneio, Vitor enfrentava um lutador que era conhecido por ser guerreiro e fazer grandes combates em p\u00e9.<\/p>\n<p style=\"text-align: center\"><strong><br \/>\n<\/strong><\/p>\n<p style=\"text-align: center\"><strong>Assista este combate e saiba quem venceu: <\/strong><\/p>\n<p style=\"text-align: center\"><strong>[yframe url=&#8217;http:\/\/www.youtube.com\/watch?v=e3zMvFo_IuM&#8217;]<\/strong><\/p>\n","protected":false},"excerpt":{"rendered":"<p>Augusta, estado da \u00a0Ge\u00f3rgia nos Estados Unidos, 30 de maio de 1997. Numa \u00e9poca aonde o UFC n\u00e3o era um evento conhecido como \u00e9 hoje, <a class=\"read-more\" href=\"https:\/\/blogs.gazetaesportiva.com\/planeta-octogono\/2012\/09\/12\/combate-da-semana-vitor-belfort-vs-tank-abbott\/\">leia mais<\/a><\/p>\n","protected":false},"author":33,"featured_media":383,"comment_status":"open","ping_status":"open","sticky":false,"template":"","format":"standard","meta":{"jetpack_post_was_ever_published":false,"_jetpack_newsletter_access":"","_jetpack_dont_email_post_to_subs":false,"_jetpack_newsletter_tier_id":0,"_jetpack_memberships_contains_paywalled_content":false,"_jetpack_memberships_contains_paid_content":false,"footnotes":"","jetpack_publicize_message":"","jetpack_publicize_feature_enabled":true,"jetpack_social_post_already_shared":false,"jetpack_social_options":{"image_generator_settings":{"template":"highway","default_image_id":0,"font":"","enabled":false},"version":2}},"categories":[7],"tags":[],"class_list":["post-382","post","type-post","status-publish","format-standard","has-post-thumbnail","hentry","category-combate-da-semana"],"jetpack_publicize_connections":[],"jetpack_featured_media_url":"https:\/\/blogs.gazetaesportiva.com\/planeta-octogono\/files\/2012\/09\/152-vitor-fighter_289856_feature_image.png","jetpack_sharing_enabled":true,"jetpack_shortlink":"https:\/\/wp.me\/p6rqUQ-6a","_links":{"self":[{"href":"https:\/\/blogs.gazetaesportiva.com\/planeta-octogono\/wp-json\/wp\/v2\/posts\/382","targetHints":{"allow":["GET"]}}],"collection":[{"href":"https:\/\/blogs.gazetaesportiva.com\/planeta-octogono\/wp-json\/wp\/v2\/posts"}],"about":[{"href":"https:\/\/blogs.gazetaesportiva.com\/planeta-octogono\/wp-json\/wp\/v2\/types\/post"}],"author":[{"embeddable":true,"href":"https:\/\/blogs.gazetaesportiva.com\/planeta-octogono\/wp-json\/wp\/v2\/users\/33"}],"replies":[{"embeddable":true,"href":"https:\/\/blogs.gazetaesportiva.com\/planeta-octogono\/wp-json\/wp\/v2\/comments?post=382"}],"version-history":[{"count":0,"href":"https:\/\/blogs.gazetaesportiva.com\/planeta-octogono\/wp-json\/wp\/v2\/posts\/382\/revisions"}],"wp:featuredmedia":[{"embeddable":true,"href":"https:\/\/blogs.gazetaesportiva.com\/planeta-octogono\/wp-json\/wp\/v2\/media\/383"}],"wp:attachment":[{"href":"https:\/\/blogs.gazetaesportiva.com\/planeta-octogono\/wp-json\/wp\/v2\/media?parent=382"}],"wp:term":[{"taxonomy":"category","embeddable":true,"href":"https:\/\/blogs.gazetaesportiva.com\/planeta-octogono\/wp-json\/wp\/v2\/categories?post=382"},{"taxonomy":"post_tag","embeddable":true,"href":"https:\/\/blogs.gazetaesportiva.com\/planeta-octogono\/wp-json\/wp\/v2\/tags?post=382"}],"curies":[{"name":"wp","href":"https:\/\/api.w.org\/{rel}","templated":true}]}}