{"id":3815,"date":"2013-02-28T09:13:31","date_gmt":"2013-02-28T12:13:31","guid":{"rendered":"https:\/\/blogs.gazetaesportiva.com\/planeta-octogono\/?p=3815"},"modified":"2013-02-28T09:19:53","modified_gmt":"2013-02-28T12:19:53","slug":"veja-os-treinos-abertos-do-ufc-japao-com-wanderlei-silva","status":"publish","type":"post","link":"https:\/\/blogs.gazetaesportiva.com\/planeta-octogono\/2013\/02\/28\/veja-os-treinos-abertos-do-ufc-japao-com-wanderlei-silva\/","title":{"rendered":"Veja os treinos abertos do UFC Jap\u00e3o com Wanderlei Silva"},"content":{"rendered":"<figure id=\"attachment_3811\" aria-describedby=\"caption-attachment-3811\" style=\"width: 511px\" class=\"wp-caption aligncenter\"><a href=\"https:\/\/blogs.gazetaesportiva.com\/planeta-octogono\/files\/2013\/02\/ufcjapao1.png\"><img loading=\"lazy\" decoding=\"async\" class=\"size-full wp-image-3811 \" src=\"https:\/\/blogs.gazetaesportiva.com\/planeta-octogono\/files\/2013\/02\/ufcjapao1.png\" alt=\"\" width=\"511\" height=\"189\" \/><\/a><figcaption id=\"caption-attachment-3811\" class=\"wp-caption-text\">Assista os treinos abertos do UFC no Jap\u00e3o - Divulga\u00e7\u00e3o UFC<\/figcaption><\/figure>\n<p>Aconteceu nesta quarta feira no Jap\u00e3o, os treinos abertos do UFC no Jap\u00e3o.<\/p>\n<p>Contando com Wanderlei Silva, Brian Stann, Diego Sanchez, Stefan Struve, Takanori Gomi, Yushin Okami, e Hector Lombard, o evento agitou a cidade de Tokyo.<\/p>\n<p style=\"text-align: center\"><strong><br \/>\n<\/strong><\/p>\n<p style=\"text-align: center\"><strong>Veja o treino aberto de \u00a0Wanderlei Silva:<\/strong><\/p>\n<p style=\"text-align: center\"><strong>[yframe url=&#8217;http:\/\/www.youtube.com\/watch?v=2L_87Pje2Vg&#8217;]<\/strong><\/p>\n<p style=\"text-align: center\"><strong><br \/>\n<\/strong><\/p>\n<p style=\"text-align: center\"><strong>Veja o treino aberto de \u00a0Brian Stann:<\/strong><\/p>\n<p style=\"text-align: center\"><strong>[yframe url=&#8217;http:\/\/www.youtube.com\/watch?v=cNET0xu6lWo&#8217;]<\/strong><\/p>\n<p style=\"text-align: center\"><strong><br \/>\n<\/strong><\/p>\n<p style=\"text-align: center\"><strong>Veja o treino aberto de \u00a0Takanori Gomi:<\/strong><\/p>\n<p style=\"text-align: center\"><strong>[yframe url=&#8217;http:\/\/www.youtube.com\/watch?v=6zM-VQnb90M&#8217;]<\/strong><\/p>\n<p style=\"text-align: center\"><strong><br \/>\n<\/strong><\/p>\n<p style=\"text-align: center\"><strong>Veja o treino aberto de \u00a0Diego Sanchez:<\/strong><\/p>\n<p style=\"text-align: center\"><strong>[yframe url=&#8217;http:\/\/www.youtube.com\/watch?v=yLykZrGvX5M&#8217;]<\/strong><\/p>\n<p style=\"text-align: center\"><strong><br \/>\n<\/strong><\/p>\n<p style=\"text-align: center\"><strong>Veja o treino aberto de \u00a0Mark Hunt:<\/strong><\/p>\n<p style=\"text-align: center\"><strong>[yframe url=&#8217;http:\/\/www.youtube.com\/watch?v=4WYrPLOPBBA&#8217;]<\/strong><\/p>\n<p style=\"text-align: center\"><strong><br \/>\n<\/strong><\/p>\n<p style=\"text-align: center\"><strong>Veja o treino aberto de \u00a0Stefan Struve:<\/strong><\/p>\n<p style=\"text-align: center\"><strong>[yframe url=&#8217;http:\/\/www.youtube.com\/watch?v=EvdmNqJ_rYM&#8217;]<\/strong><\/p>\n<p style=\"text-align: center\"><strong><br \/>\n<\/strong><\/p>\n<p style=\"text-align: center\"><strong>Veja o treino aberto de \u00a0Yushin Okami:<\/strong><\/p>\n<p style=\"text-align: center\"><strong>[yframe url=&#8217;http:\/\/www.youtube.com\/watch?v=ybnp_96fH7c&#8217;]<\/strong><\/p>\n<p style=\"text-align: center\"><strong><br \/>\n<\/strong><\/p>\n<p style=\"text-align: center\"><strong>Veja o treino aberto de \u00a0Hector Lombard:<\/strong><\/p>\n<p style=\"text-align: center\"><strong>[yframe url=&#8217;http:\/\/www.youtube.com\/watch?v=GkHWDXdydzw&#8217;]<\/strong><\/p>\n","protected":false},"excerpt":{"rendered":"<p>Aconteceu nesta quarta feira no Jap\u00e3o, os treinos abertos do UFC no Jap\u00e3o. Contando com Wanderlei Silva, Brian Stann, Diego Sanchez, Stefan Struve, Takanori Gomi, <a class=\"read-more\" href=\"https:\/\/blogs.gazetaesportiva.com\/planeta-octogono\/2013\/02\/28\/veja-os-treinos-abertos-do-ufc-japao-com-wanderlei-silva\/\">leia mais<\/a><\/p>\n","protected":false},"author":33,"featured_media":0,"comment_status":"open","ping_status":"open","sticky":false,"template":"","format":"standard","meta":{"jetpack_post_was_ever_published":false,"_jetpack_newsletter_access":"","_jetpack_dont_email_post_to_subs":false,"_jetpack_newsletter_tier_id":0,"_jetpack_memberships_contains_paywalled_content":false,"_jetpack_memberships_contains_paid_content":false,"footnotes":"","jetpack_publicize_message":"","jetpack_publicize_feature_enabled":true,"jetpack_social_post_already_shared":false,"jetpack_social_options":{"image_generator_settings":{"template":"highway","default_image_id":0,"font":"","enabled":false},"version":2}},"categories":[1],"tags":[],"class_list":["post-3815","post","type-post","status-publish","format-standard","hentry","category-principal"],"jetpack_publicize_connections":[],"jetpack_featured_media_url":"","jetpack_sharing_enabled":true,"jetpack_shortlink":"https:\/\/wp.me\/p6rqUQ-Zx","_links":{"self":[{"href":"https:\/\/blogs.gazetaesportiva.com\/planeta-octogono\/wp-json\/wp\/v2\/posts\/3815","targetHints":{"allow":["GET"]}}],"collection":[{"href":"https:\/\/blogs.gazetaesportiva.com\/planeta-octogono\/wp-json\/wp\/v2\/posts"}],"about":[{"href":"https:\/\/blogs.gazetaesportiva.com\/planeta-octogono\/wp-json\/wp\/v2\/types\/post"}],"author":[{"embeddable":true,"href":"https:\/\/blogs.gazetaesportiva.com\/planeta-octogono\/wp-json\/wp\/v2\/users\/33"}],"replies":[{"embeddable":true,"href":"https:\/\/blogs.gazetaesportiva.com\/planeta-octogono\/wp-json\/wp\/v2\/comments?post=3815"}],"version-history":[{"count":0,"href":"https:\/\/blogs.gazetaesportiva.com\/planeta-octogono\/wp-json\/wp\/v2\/posts\/3815\/revisions"}],"wp:attachment":[{"href":"https:\/\/blogs.gazetaesportiva.com\/planeta-octogono\/wp-json\/wp\/v2\/media?parent=3815"}],"wp:term":[{"taxonomy":"category","embeddable":true,"href":"https:\/\/blogs.gazetaesportiva.com\/planeta-octogono\/wp-json\/wp\/v2\/categories?post=3815"},{"taxonomy":"post_tag","embeddable":true,"href":"https:\/\/blogs.gazetaesportiva.com\/planeta-octogono\/wp-json\/wp\/v2\/tags?post=3815"}],"curies":[{"name":"wp","href":"https:\/\/api.w.org\/{rel}","templated":true}]}}