{"id":3813,"date":"2013-02-28T08:51:02","date_gmt":"2013-02-28T11:51:02","guid":{"rendered":"https:\/\/blogs.gazetaesportiva.com\/planeta-octogono\/?p=3813"},"modified":"2013-02-28T10:16:22","modified_gmt":"2013-02-28T13:16:22","slug":"wanderlei-silva-promete-nocautear-brian-stann-no-ufc-japao","status":"publish","type":"post","link":"https:\/\/blogs.gazetaesportiva.com\/planeta-octogono\/2013\/02\/28\/wanderlei-silva-promete-nocautear-brian-stann-no-ufc-japao\/","title":{"rendered":"Wanderlei Silva promete nocautear Brian Stann no UFC Jap\u00e3o"},"content":{"rendered":"<figure id=\"attachment_2995\" aria-describedby=\"caption-attachment-2995\" style=\"width: 500px\" class=\"wp-caption aligncenter\"><a href=\"https:\/\/blogs.gazetaesportiva.com\/planeta-octogono\/files\/2013\/01\/WanderleiSilva2012_Headshot1.png\"><img loading=\"lazy\" decoding=\"async\" class=\"size-full wp-image-2995\" src=\"https:\/\/blogs.gazetaesportiva.com\/planeta-octogono\/files\/2013\/01\/WanderleiSilva2012_Headshot1.png\" alt=\"\" width=\"500\" height=\"325\" \/><\/a><figcaption id=\"caption-attachment-2995\" class=\"wp-caption-text\">Brasileiro encara ex-soldado americano no UFC no Jap\u00e3o - Foto - Divulga\u00e7\u00e3o UFC<\/figcaption><\/figure>\n<p>Na coletiva de imprensa do UFC Jap\u00e3o, ap\u00f3s o treino aberto que aconteceu na cidade de Tokyo, o lutador Wanderlei Silva, mostrou respeito ao advers\u00e1rio.<\/p>\n<p>Mas mostrando personalidade3, ao responder uma pergunta, \u00a0Wanderlei prometeu nocautear Brian Stann.<\/p>\n<p>&#8220;Treinei muito duro para essa luta. Estou bem, e acho que posso nocautear Brian Stann, antes do terceiro round, disse o brasileiro.<\/p>\n<p>O lutador afirmou que lutar no peso meio pesado, o ajuda na prepara\u00e7\u00e3o para a luta.<\/p>\n<p>&#8220;Eu n\u00e3o precisarei cortar tanto peso, j\u00e1 que este combate \u00e9 nos 93 kg.&#8221; Disse Wanderlei.<\/p>\n<p>O brasileiro, ainda contou que o apoio de sua torcida tanto brasileira e japonesa, ser\u00e1 importante para o combate.<\/p>\n<p>&#8220;Sei como os brasileiros trabalham duro no Jap\u00e3o. \u00a0Espero poder fazer o melhor.&#8221; Citou.<\/p>\n<p>O combate entre Wanderlei Silva e Brian Stann, acontece no UFC on FUEL, direto de Saitama neste s\u00e1bado.<\/p>\n","protected":false},"excerpt":{"rendered":"<p>Na coletiva de imprensa do UFC Jap\u00e3o, ap\u00f3s o treino aberto que aconteceu na cidade de Tokyo, o lutador Wanderlei Silva, mostrou respeito ao advers\u00e1rio. <a class=\"read-more\" href=\"https:\/\/blogs.gazetaesportiva.com\/planeta-octogono\/2013\/02\/28\/wanderlei-silva-promete-nocautear-brian-stann-no-ufc-japao\/\">leia mais<\/a><\/p>\n","protected":false},"author":33,"featured_media":0,"comment_status":"open","ping_status":"open","sticky":false,"template":"","format":"standard","meta":{"jetpack_post_was_ever_published":false,"_jetpack_newsletter_access":"","_jetpack_dont_email_post_to_subs":false,"_jetpack_newsletter_tier_id":0,"_jetpack_memberships_contains_paywalled_content":false,"_jetpack_memberships_contains_paid_content":false,"footnotes":"","jetpack_publicize_message":"","jetpack_publicize_feature_enabled":true,"jetpack_social_post_already_shared":false,"jetpack_social_options":{"image_generator_settings":{"template":"highway","default_image_id":0,"font":"","enabled":false},"version":2}},"categories":[1],"tags":[],"class_list":["post-3813","post","type-post","status-publish","format-standard","hentry","category-principal"],"jetpack_publicize_connections":[],"jetpack_featured_media_url":"","jetpack_sharing_enabled":true,"jetpack_shortlink":"https:\/\/wp.me\/p6rqUQ-Zv","_links":{"self":[{"href":"https:\/\/blogs.gazetaesportiva.com\/planeta-octogono\/wp-json\/wp\/v2\/posts\/3813","targetHints":{"allow":["GET"]}}],"collection":[{"href":"https:\/\/blogs.gazetaesportiva.com\/planeta-octogono\/wp-json\/wp\/v2\/posts"}],"about":[{"href":"https:\/\/blogs.gazetaesportiva.com\/planeta-octogono\/wp-json\/wp\/v2\/types\/post"}],"author":[{"embeddable":true,"href":"https:\/\/blogs.gazetaesportiva.com\/planeta-octogono\/wp-json\/wp\/v2\/users\/33"}],"replies":[{"embeddable":true,"href":"https:\/\/blogs.gazetaesportiva.com\/planeta-octogono\/wp-json\/wp\/v2\/comments?post=3813"}],"version-history":[{"count":0,"href":"https:\/\/blogs.gazetaesportiva.com\/planeta-octogono\/wp-json\/wp\/v2\/posts\/3813\/revisions"}],"wp:attachment":[{"href":"https:\/\/blogs.gazetaesportiva.com\/planeta-octogono\/wp-json\/wp\/v2\/media?parent=3813"}],"wp:term":[{"taxonomy":"category","embeddable":true,"href":"https:\/\/blogs.gazetaesportiva.com\/planeta-octogono\/wp-json\/wp\/v2\/categories?post=3813"},{"taxonomy":"post_tag","embeddable":true,"href":"https:\/\/blogs.gazetaesportiva.com\/planeta-octogono\/wp-json\/wp\/v2\/tags?post=3813"}],"curies":[{"name":"wp","href":"https:\/\/api.w.org\/{rel}","templated":true}]}}