{"id":3802,"date":"2013-02-25T22:39:23","date_gmt":"2013-02-26T01:39:23","guid":{"rendered":"https:\/\/blogs.gazetaesportiva.com\/planeta-octogono\/?p=3802"},"modified":"2013-02-26T00:19:03","modified_gmt":"2013-02-26T03:19:03","slug":"dana-white-confirma-e-jose-aldo-vs-anthony-pettis-e-oficializado-em-agosto","status":"publish","type":"post","link":"https:\/\/blogs.gazetaesportiva.com\/planeta-octogono\/2013\/02\/25\/dana-white-confirma-e-jose-aldo-vs-anthony-pettis-e-oficializado-em-agosto\/","title":{"rendered":"Dana White confirma e Jos\u00e9 Aldo vs Anthony Pettis \u00e9 oficializado em agosto"},"content":{"rendered":"<figure id=\"attachment_2963\" aria-describedby=\"caption-attachment-2963\" style=\"width: 500px\" class=\"wp-caption aligncenter\"><a href=\"https:\/\/blogs.gazetaesportiva.com\/planeta-octogono\/files\/2013\/01\/JoseAldo_Headshot1531.png\"><img loading=\"lazy\" decoding=\"async\" class=\"size-full wp-image-2963\" src=\"https:\/\/blogs.gazetaesportiva.com\/planeta-octogono\/files\/2013\/01\/JoseAldo_Headshot1531.png\" alt=\"\" width=\"500\" height=\"325\" \/><\/a><figcaption id=\"caption-attachment-2963\" class=\"wp-caption-text\">Jos\u00e9 Aldo encara Anthony Pettis no Brasil - Foto - Divulga\u00e7\u00e3o UFC<\/figcaption><\/figure>\n<p>\u00c9 oficial, Anthony Pettis \u00e9 o pr\u00f3ximo advers\u00e1rio do brasileiro Jos\u00e9 Aldo, no UFC 163, sem local definido.<\/p>\n<p>O an\u00fancio foi feito por Dana White, Presidente do UFC, em chat para os f\u00e3s, a patrocinadora do Ultimate, Metro PCS, na noite desta segunda feira.<\/p>\n<p>A confirma\u00e7\u00e3o de Dana, que disse ter recebido uma liga\u00e7\u00e3o do treinador de Aldo, Andr\u00e9 Pederneiras, confirmando o acerto.<\/p>\n<p>A luta ir\u00e1 valer o cintur\u00e3o dos penas, contrariando a vontade de Aldo, que queria uma super luta sem valer o cintur\u00e3o.<\/p>\n<p>Anthony Pettis, vem de vit\u00f3ria no UFC 155, por nocaute t\u00e9cnico sobre Donald Cerrone.<\/p>\n<p>J\u00e1 Aldo, vem de vit\u00f3ria sobre Frankie Edgar, no UFC 156.<\/p>\n<p>Segundo rumores. O combate pode acontecer no HSBC Arena, no Rio de Janeiro, mas um an\u00fancio oficial, n\u00e3o foi feito pelo UFC.<\/p>\n<p style=\"text-align: center\"><strong>Atualizando: Ap\u00f3s o an\u00fancio, Jos\u00e9 Aldo e seu treinador atrav\u00e9s do site Sportv, aceitaram o combate com uma condi\u00e7\u00e3o. <\/strong><\/p>\n<p style=\"text-align: center\"><strong>De que ap\u00f3s a luta, Jos\u00e9 Aldo lute pelo cintur\u00e3o peso leve do UFC, atualmente nas m\u00e3os de Benson Henderson que enfrenta Gilbert Melendez no dia 20 de abril.<\/strong><\/p>\n<p style=\"text-align: center\"><strong><br \/>\n<\/strong><\/p>\n<p style=\"text-align: center\"><strong>Conhe\u00e7a o pr\u00f3ximo advers\u00e1rio de Jos\u00e9 Aldo, Anthony Pettis:<\/strong><\/p>\n<p style=\"text-align: center\"><strong>[yframe url=&#8217;http:\/\/www.youtube.com\/watch?v=enWMxhkHzlI&#8217;]<\/strong><\/p>\n<div style=\"text-align: center\"><strong>Comente esta not\u00edcia, ou entre em contato conosco, para tirar d\u00favidas e nos ajudar a fazer este blog cada vez melhor.<\/strong><\/div>\n<div style=\"text-align: center\"><strong>Atrav\u00e9s do e- mail: planetaoctogono@gmail.com<\/strong><\/div>\n<div style=\"text-align: center\"><strong><br \/>\n<\/strong><\/div>\n<div style=\"text-align: center\"><strong>Siga nosso Twitter &#8211; www.twitter.com\/BrMassami e comente sobre esta not\u00edcia!<\/strong><\/div>\n<div style=\"text-align: center\"><strong>Siga nosso Facebook \u00a0&#8211; http:\/\/www.facebook.com\/PlanetaOctogono<\/strong><\/div>\n","protected":false},"excerpt":{"rendered":"<p>\u00c9 oficial, Anthony Pettis \u00e9 o pr\u00f3ximo advers\u00e1rio do brasileiro Jos\u00e9 Aldo, no UFC 163, sem local definido. O an\u00fancio foi feito por Dana White, <a class=\"read-more\" href=\"https:\/\/blogs.gazetaesportiva.com\/planeta-octogono\/2013\/02\/25\/dana-white-confirma-e-jose-aldo-vs-anthony-pettis-e-oficializado-em-agosto\/\">leia mais<\/a><\/p>\n","protected":false},"author":33,"featured_media":0,"comment_status":"open","ping_status":"open","sticky":false,"template":"","format":"standard","meta":{"jetpack_post_was_ever_published":false,"_jetpack_newsletter_access":"","_jetpack_dont_email_post_to_subs":false,"_jetpack_newsletter_tier_id":0,"_jetpack_memberships_contains_paywalled_content":false,"_jetpack_memberships_contains_paid_content":false,"footnotes":"","jetpack_publicize_message":"","jetpack_publicize_feature_enabled":true,"jetpack_social_post_already_shared":false,"jetpack_social_options":{"image_generator_settings":{"template":"highway","default_image_id":0,"font":"","enabled":false},"version":2}},"categories":[1],"tags":[],"class_list":["post-3802","post","type-post","status-publish","format-standard","hentry","category-principal"],"jetpack_publicize_connections":[],"jetpack_featured_media_url":"","jetpack_sharing_enabled":true,"jetpack_shortlink":"https:\/\/wp.me\/p6rqUQ-Zk","_links":{"self":[{"href":"https:\/\/blogs.gazetaesportiva.com\/planeta-octogono\/wp-json\/wp\/v2\/posts\/3802","targetHints":{"allow":["GET"]}}],"collection":[{"href":"https:\/\/blogs.gazetaesportiva.com\/planeta-octogono\/wp-json\/wp\/v2\/posts"}],"about":[{"href":"https:\/\/blogs.gazetaesportiva.com\/planeta-octogono\/wp-json\/wp\/v2\/types\/post"}],"author":[{"embeddable":true,"href":"https:\/\/blogs.gazetaesportiva.com\/planeta-octogono\/wp-json\/wp\/v2\/users\/33"}],"replies":[{"embeddable":true,"href":"https:\/\/blogs.gazetaesportiva.com\/planeta-octogono\/wp-json\/wp\/v2\/comments?post=3802"}],"version-history":[{"count":0,"href":"https:\/\/blogs.gazetaesportiva.com\/planeta-octogono\/wp-json\/wp\/v2\/posts\/3802\/revisions"}],"wp:attachment":[{"href":"https:\/\/blogs.gazetaesportiva.com\/planeta-octogono\/wp-json\/wp\/v2\/media?parent=3802"}],"wp:term":[{"taxonomy":"category","embeddable":true,"href":"https:\/\/blogs.gazetaesportiva.com\/planeta-octogono\/wp-json\/wp\/v2\/categories?post=3802"},{"taxonomy":"post_tag","embeddable":true,"href":"https:\/\/blogs.gazetaesportiva.com\/planeta-octogono\/wp-json\/wp\/v2\/tags?post=3802"}],"curies":[{"name":"wp","href":"https:\/\/api.w.org\/{rel}","templated":true}]}}