{"id":380,"date":"2012-09-12T15:19:18","date_gmt":"2012-09-12T18:19:18","guid":{"rendered":"https:\/\/blogs.gazetaesportiva.com\/planeta-octogono\/?p=380"},"modified":"2012-09-12T15:19:18","modified_gmt":"2012-09-12T18:19:18","slug":"vitor-belfort-critica-postura-de-sonnen-palhaco","status":"publish","type":"post","link":"https:\/\/blogs.gazetaesportiva.com\/planeta-octogono\/2012\/09\/12\/vitor-belfort-critica-postura-de-sonnen-palhaco\/","title":{"rendered":"Vitor Belfort critica postura de Sonnen: Palha\u00e7o!"},"content":{"rendered":"<figure id=\"attachment_24\" aria-describedby=\"caption-attachment-24\" style=\"width: 442px\" class=\"wp-caption aligncenter\"><a href=\"https:\/\/blogs.gazetaesportiva.com\/planeta-octogono\/files\/2012\/08\/621947_10151173181946276_1840626922_o.jpg\"><img loading=\"lazy\" decoding=\"async\" class=\"size-full wp-image-24   \" src=\"https:\/\/blogs.gazetaesportiva.com\/planeta-octogono\/files\/2012\/08\/621947_10151173181946276_1840626922_o.jpg\" alt=\"\" width=\"442\" height=\"295\" \/><\/a><figcaption id=\"caption-attachment-24\" class=\"wp-caption-text\">Brasileiro critica postura de falastr\u00e3o - Foto - Divulga\u00e7\u00e3o UFC<\/figcaption><\/figure>\n<p>Em entrevista ao programa UFC Tonight, Vitor Belfort contou com detalhes como recebeu a proposta para enfrentar Jon Jones.<\/p>\n<p>Contando sobre a proposta, Vitor aproveitou para mandar uma indireta para o falastr\u00e3o Chael Sonnen.<\/p>\n<p>&#8220;Eu tenho hist\u00f3ria no UFC. N\u00e3o gosto de outros palha\u00e7os quem falam no Twitter. Voc\u00eas sabem que palha\u00e7o (Sonnen) eu estou falando.<\/p>\n<p>Eu acho que ele n\u00e3o merece uma chance de cintur\u00e3o, mas eu acho que o evento deve continuar com outro lutador. Eu n\u00e3o sei o que aconteceu, mas eu sou grato que a luta veio para mim. Estou muito grato a Lorenzo e Dana por me dar a chance e para os f\u00e3s ver este combate.&#8221; contou Vitor ao programa.<\/p>\n<p>&#8220;N\u00e3o \u00e9 que eu mere\u00e7o, mas eu tenho hist\u00f3ria no UFC. Fui o campe\u00e3o da categoria meio-pesado. N\u00e3o \u00e9 sobre Chael, \u00a0s\u00f3 que eu acho que \u00e9 uma luta melhor comigo. Acho que Jon Jones vs Belfort faz mais sentido. Chael n\u00e3o merece ir para uma luta pelo t\u00edtulo depois da \u00faltima luta com Anderson.<\/p>\n<p>Havia tantos caras que estavam dispostos a lutar com Jon Jones, que tiveram boas vit\u00f3rias no UFC como Chris Weidman. Chael est\u00e1 tentando subir de peso e desistir de sua categoria de peso, que \u00e9 a maneira que eu vejo. Mas acho que, eu sou muito grato por Jones n\u00e3o aceitar a luta com Chael nessa semana e \u00a0a chance veio at\u00e9 mim e eu realmente tenho que agradecer a Deus&#8221;. \u00a0Celebrou Belfort.<\/p>\n<p>O brasileiro enfrenta Jones no dia 22 de setembro, e seu combate ser\u00e1 transmitido pela Rede Globo.<\/p>\n","protected":false},"excerpt":{"rendered":"<p>Em entrevista ao programa UFC Tonight, Vitor Belfort contou com detalhes como recebeu a proposta para enfrentar Jon Jones. Contando sobre a proposta, Vitor aproveitou <a class=\"read-more\" href=\"https:\/\/blogs.gazetaesportiva.com\/planeta-octogono\/2012\/09\/12\/vitor-belfort-critica-postura-de-sonnen-palhaco\/\">leia mais<\/a><\/p>\n","protected":false},"author":33,"featured_media":0,"comment_status":"open","ping_status":"open","sticky":false,"template":"","format":"standard","meta":{"jetpack_post_was_ever_published":false,"_jetpack_newsletter_access":"","_jetpack_dont_email_post_to_subs":false,"_jetpack_newsletter_tier_id":0,"_jetpack_memberships_contains_paywalled_content":false,"_jetpack_memberships_contains_paid_content":false,"footnotes":"","jetpack_publicize_message":"","jetpack_publicize_feature_enabled":true,"jetpack_social_post_already_shared":false,"jetpack_social_options":{"image_generator_settings":{"template":"highway","default_image_id":0,"font":"","enabled":false},"version":2}},"categories":[1],"tags":[],"class_list":["post-380","post","type-post","status-publish","format-standard","hentry","category-principal"],"jetpack_publicize_connections":[],"jetpack_featured_media_url":"","jetpack_sharing_enabled":true,"jetpack_shortlink":"https:\/\/wp.me\/p6rqUQ-68","_links":{"self":[{"href":"https:\/\/blogs.gazetaesportiva.com\/planeta-octogono\/wp-json\/wp\/v2\/posts\/380","targetHints":{"allow":["GET"]}}],"collection":[{"href":"https:\/\/blogs.gazetaesportiva.com\/planeta-octogono\/wp-json\/wp\/v2\/posts"}],"about":[{"href":"https:\/\/blogs.gazetaesportiva.com\/planeta-octogono\/wp-json\/wp\/v2\/types\/post"}],"author":[{"embeddable":true,"href":"https:\/\/blogs.gazetaesportiva.com\/planeta-octogono\/wp-json\/wp\/v2\/users\/33"}],"replies":[{"embeddable":true,"href":"https:\/\/blogs.gazetaesportiva.com\/planeta-octogono\/wp-json\/wp\/v2\/comments?post=380"}],"version-history":[{"count":0,"href":"https:\/\/blogs.gazetaesportiva.com\/planeta-octogono\/wp-json\/wp\/v2\/posts\/380\/revisions"}],"wp:attachment":[{"href":"https:\/\/blogs.gazetaesportiva.com\/planeta-octogono\/wp-json\/wp\/v2\/media?parent=380"}],"wp:term":[{"taxonomy":"category","embeddable":true,"href":"https:\/\/blogs.gazetaesportiva.com\/planeta-octogono\/wp-json\/wp\/v2\/categories?post=380"},{"taxonomy":"post_tag","embeddable":true,"href":"https:\/\/blogs.gazetaesportiva.com\/planeta-octogono\/wp-json\/wp\/v2\/tags?post=380"}],"curies":[{"name":"wp","href":"https:\/\/api.w.org\/{rel}","templated":true}]}}