{"id":3794,"date":"2013-02-25T12:18:51","date_gmt":"2013-02-25T15:18:51","guid":{"rendered":"https:\/\/blogs.gazetaesportiva.com\/planeta-octogono\/?p=3794"},"modified":"2013-02-25T12:25:35","modified_gmt":"2013-02-25T15:25:35","slug":"feliz-em-nova-funcao-fedor-emelianenko-despista-rumores-de-combate-com-velasquez-ou-lesnar-na-russia","status":"publish","type":"post","link":"https:\/\/blogs.gazetaesportiva.com\/planeta-octogono\/2013\/02\/25\/feliz-em-nova-funcao-fedor-emelianenko-despista-rumores-de-combate-com-velasquez-ou-lesnar-na-russia\/","title":{"rendered":"Fedor Emelianenko despista rumores de combate com Velasquez ou Lesnar na R\u00fassia"},"content":{"rendered":"<figure id=\"attachment_2402\" aria-describedby=\"caption-attachment-2402\" style=\"width: 570px\" class=\"wp-caption aligncenter\"><a href=\"https:\/\/blogs.gazetaesportiva.com\/planeta-octogono\/files\/2012\/12\/fedor-white-back.jpg\"><img loading=\"lazy\" decoding=\"async\" class=\"size-full wp-image-2402\" src=\"https:\/\/blogs.gazetaesportiva.com\/planeta-octogono\/files\/2012\/12\/fedor-white-back.jpg\" alt=\"\" width=\"570\" height=\"250\" \/><\/a><figcaption id=\"caption-attachment-2402\" class=\"wp-caption-text\">Lenda Russa agora \u00e9 presidente de federa\u00e7\u00e3o russa - Foto - Divulga\u00e7\u00e3o M-1 Global<\/figcaption><\/figure>\n<p>A lenda do MMA, o russo Fedor Emelianenko, agora vive uma nova fase em sua carreira.<\/p>\n<p>Aposentado, Fedor \u00e9 presidente da Federa\u00e7\u00e3o Russa de MMA, que foi recentemente regulamentada no pa\u00eds, e est\u00e1 trabalhando duro para implementar e expandir o esporte na R\u00fassia.<\/p>\n<p>O lutador, que estar\u00e1 na pr\u00f3xima edi\u00e7\u00e3o do M-1 Challenge 37, em Oremburgo, que acontece nesta quarta feira, despistou supostos rumores que estariam cogitando uma poss\u00edvel volta aos ringues.<\/p>\n<p>&#8220;Fedor est\u00e1 se dedicando a uma grava\u00e7\u00e3o de um DVD, em fevereiro e mar\u00e7o que ser\u00e1 usado para ensinar o esporte na R\u00fassia. Ele est\u00e1 feliz. \u00c9 um grande amigo.&#8221; Citou o treinador de Fedor, Peter Teijsse.<\/p>\n<p>O <strong>Planeta Oct\u00f3gono<\/strong>, entrou em contato com v\u00e1rias fontes e pessoas ligadas ao lutador na R\u00fassia, e todos garantiram que o lutador n\u00e3o pensa em voltar a lutar, mas que est\u00e1 trabalhando duro para expandir o MMA na R\u00fassia.<\/p>\n<p>Fedor far\u00e1 um semin\u00e1rio de MMA, na R\u00fassia, entre os dias 1 e 4 de mar\u00e7o.<\/p>\n<p>O lutador, sempre est\u00e1 treinando, por\u00e9m n\u00e3o com a mesma intensidade, devido aos muitos compromissos, como Presidente da Federa\u00e7\u00e3o Russa.<\/p>\n<p>Fortes rumores tem circulado na internet, de que a M-1 Global estaria tentando negociar a realiza\u00e7\u00e3o de um evento do UFC, na R\u00fassia.<\/p>\n<p>A equipe do evento russo foi vista na \u00faltima edi\u00e7\u00e3o do UFC, que aconteceu em Londres, e muitos f\u00e3s garantem que viram o Presidente do evento e empres\u00e1rio de Fedor, Vadim Finckelstein no evento.<\/p>\n<p>Al\u00e9m disso, uma poss\u00edvel volta de Fedor aos ringues, num combate contra Cain Velasquez ou Brock Lesnar, numa edi\u00e7\u00e3o do UFC na R\u00fassia, ganhou for\u00e7a, mas a informa\u00e7\u00e3o foi desmentida, j\u00e1 que Fedor est\u00e1 aposentado.<\/p>\n<div style=\"text-align: center\"><strong>Comente esta not\u00edcia, ou entre em contato conosco, para tirar d\u00favidas e nos ajudar a fazer este blog cada vez melhor.<\/strong><\/div>\n<div style=\"text-align: center\"><strong>Atrav\u00e9s do e- mail: planetaoctogono@gmail.com<\/strong><\/div>\n<div style=\"text-align: center\"><strong><br \/>\n<\/strong><\/div>\n<div style=\"text-align: center\"><strong>Siga nosso Twitter &#8211; www.twitter.com\/BrMassami e comente sobre esta not\u00edcia!<\/strong><\/div>\n<div style=\"text-align: center\"><strong>Siga nosso Facebook \u00a0&#8211; http:\/\/www.facebook.com\/PlanetaOctogono<\/strong><\/div>\n","protected":false},"excerpt":{"rendered":"<p>A lenda do MMA, o russo Fedor Emelianenko, agora vive uma nova fase em sua carreira. Aposentado, Fedor \u00e9 presidente da Federa\u00e7\u00e3o Russa de MMA, <a class=\"read-more\" href=\"https:\/\/blogs.gazetaesportiva.com\/planeta-octogono\/2013\/02\/25\/feliz-em-nova-funcao-fedor-emelianenko-despista-rumores-de-combate-com-velasquez-ou-lesnar-na-russia\/\">leia mais<\/a><\/p>\n","protected":false},"author":33,"featured_media":0,"comment_status":"open","ping_status":"open","sticky":false,"template":"","format":"standard","meta":{"jetpack_post_was_ever_published":false,"_jetpack_newsletter_access":"","_jetpack_dont_email_post_to_subs":false,"_jetpack_newsletter_tier_id":0,"_jetpack_memberships_contains_paywalled_content":false,"_jetpack_memberships_contains_paid_content":false,"footnotes":"","jetpack_publicize_message":"","jetpack_publicize_feature_enabled":true,"jetpack_social_post_already_shared":false,"jetpack_social_options":{"image_generator_settings":{"template":"highway","default_image_id":0,"font":"","enabled":false},"version":2}},"categories":[1],"tags":[],"class_list":["post-3794","post","type-post","status-publish","format-standard","hentry","category-principal"],"jetpack_publicize_connections":[],"jetpack_featured_media_url":"","jetpack_sharing_enabled":true,"jetpack_shortlink":"https:\/\/wp.me\/p6rqUQ-Zc","_links":{"self":[{"href":"https:\/\/blogs.gazetaesportiva.com\/planeta-octogono\/wp-json\/wp\/v2\/posts\/3794","targetHints":{"allow":["GET"]}}],"collection":[{"href":"https:\/\/blogs.gazetaesportiva.com\/planeta-octogono\/wp-json\/wp\/v2\/posts"}],"about":[{"href":"https:\/\/blogs.gazetaesportiva.com\/planeta-octogono\/wp-json\/wp\/v2\/types\/post"}],"author":[{"embeddable":true,"href":"https:\/\/blogs.gazetaesportiva.com\/planeta-octogono\/wp-json\/wp\/v2\/users\/33"}],"replies":[{"embeddable":true,"href":"https:\/\/blogs.gazetaesportiva.com\/planeta-octogono\/wp-json\/wp\/v2\/comments?post=3794"}],"version-history":[{"count":0,"href":"https:\/\/blogs.gazetaesportiva.com\/planeta-octogono\/wp-json\/wp\/v2\/posts\/3794\/revisions"}],"wp:attachment":[{"href":"https:\/\/blogs.gazetaesportiva.com\/planeta-octogono\/wp-json\/wp\/v2\/media?parent=3794"}],"wp:term":[{"taxonomy":"category","embeddable":true,"href":"https:\/\/blogs.gazetaesportiva.com\/planeta-octogono\/wp-json\/wp\/v2\/categories?post=3794"},{"taxonomy":"post_tag","embeddable":true,"href":"https:\/\/blogs.gazetaesportiva.com\/planeta-octogono\/wp-json\/wp\/v2\/tags?post=3794"}],"curies":[{"name":"wp","href":"https:\/\/api.w.org\/{rel}","templated":true}]}}