{"id":3790,"date":"2013-02-25T11:14:26","date_gmt":"2013-02-25T14:14:26","guid":{"rendered":"https:\/\/blogs.gazetaesportiva.com\/planeta-octogono\/?p=3790"},"modified":"2013-02-25T11:14:26","modified_gmt":"2013-02-25T14:14:26","slug":"jose-aldo-se-defende-de-criticas-de-dana-white-e-diz-que-luta-com-pettis-deve-ser-uma-superluta","status":"publish","type":"post","link":"https:\/\/blogs.gazetaesportiva.com\/planeta-octogono\/2013\/02\/25\/jose-aldo-se-defende-de-criticas-de-dana-white-e-diz-que-luta-com-pettis-deve-ser-uma-superluta\/","title":{"rendered":"Jos\u00e9 Aldo se defende de cr\u00edticas de Dana White e diz que luta com Pettis deve ser uma superluta"},"content":{"rendered":"<figure id=\"attachment_3336\" aria-describedby=\"caption-attachment-3336\" style=\"width: 680px\" class=\"wp-caption aligncenter\"><a href=\"https:\/\/blogs.gazetaesportiva.com\/planeta-octogono\/files\/2013\/02\/1086_18.00.2013_14457_ef_20120115.jpg\"><img loading=\"lazy\" decoding=\"async\" class=\"size-full wp-image-3336   \" src=\"https:\/\/blogs.gazetaesportiva.com\/planeta-octogono\/files\/2013\/02\/1086_18.00.2013_14457_ef_20120115.jpg\" alt=\"\" width=\"680\" height=\"463\" \/><\/a><figcaption id=\"caption-attachment-3336\" class=\"wp-caption-text\">Jos\u00e9 Aldo diz que Pettis n\u00e3o merece lutar por cintur\u00e3o - Wander Roberto\/Inovafoto<\/figcaption><\/figure>\n<div>Em entrevista para a revista Tatame, o lutador brasileiro Jos\u00e9 Aldo, se pronunciou ap\u00f3s as cr\u00edticas feitas por Dana White, ap\u00f3s o UFC 157.<\/div>\n<div><\/div>\n<div>Analisando a situa\u00e7\u00e3o, o brasileiro acredita que Ricardo Lamas e Cub Swanson merece mais a oportunidade.<\/div>\n<div><\/div>\n<div>\u201cQuem merece a chance, em primeiro lugar, \u00e9 o Ricardo Lamas, pelo fato de ter tirado o Erik Koch, que era o pr\u00f3ximo contender.<\/div>\n<div><\/div>\n<div>Ele fez por merecer a chance depois da vit\u00f3ria. O Cub Swanson \u00e9 outro que est\u00e1 em uma crescente muito grande.<\/div>\n<div><\/div>\n<div>S\u00e3o atletas da categoria, que lutam h\u00e1 bastante tempo por uma vaga pelo cintur\u00e3o, que nunca chega em fun\u00e7\u00e3o do UFC colocar advers\u00e1rios da categoria de cima.<\/div>\n<div><\/div>\n<div>Luto contra quem for, mas, pelo cintur\u00e3o, tem que ser contra o Lamas ou o Swanson.\u201d Analisou Aldo.<\/div>\n<div><\/div>\n<div>O brasileiro aproveitou para analisar um prov\u00e1vel combate com Anthony Pettis, e confirma que o combate n\u00e3o est\u00e1 assinado.<\/div>\n<div><\/div>\n<div>Para Aldo, somente uma superluta com Pettis faria sentido agora, j\u00e1 que na vis\u00e3o do lutador, o americano n\u00e3o \u00e9 de sua categoria.<\/div>\n<div><\/div>\n<div>\u201cPara mim, n\u00e3o. (sobre uma luta de cintur\u00e3o) Como um cara vai disputar o cintur\u00e3o se ele nunca lutou no nosso peso? \u00c9 uma injusti\u00e7a com os outros.<\/div>\n<div><\/div>\n<div>N\u00e3o digo nem por mim, pois sou o campe\u00e3o e luto contra quem vier, mas \u00e9 uma injusti\u00e7a porque est\u00e1 todo mundo treinando, vencendo suas lutas, pensando em virar campe\u00e3o.<\/div>\n<div><\/div>\n<div>Enquanto isso, vem algu\u00e9m da categoria de cima, pede uma chance e o UFC d\u00e1.<\/div>\n<div><\/div>\n<div>Se o UFC quiser uma superluta, n\u00e3o vejo problema nenhum.\u201d Afirmou Aldo.<\/div>\n<div><\/div>\n<div>Segundo o UFC, o combate de Jos\u00e9 Aldo com Anthony Pettis seria programado para o dia 3 de agosto, no UFC 163.<\/div>\n<p style=\"text-align: center\"><strong>Comente esta not\u00edcia, ou entre em contato conosco, para tirar d\u00favidas e nos ajudar a fazer este blog cada vez melhor.<\/strong><\/p>\n<p style=\"text-align: center\"><strong>Atrav\u00e9s do e- mail: planetaoctogono@gmail.com<\/strong><\/p>\n<p style=\"text-align: center\"><strong>Siga nosso Twitter &#8211; www.twitter.com\/BrMassami e comente sobre esta not\u00edcia!<\/strong><\/p>\n<p style=\"text-align: center\"><strong>Siga nosso Facebook \u00a0&#8211; http:\/\/www.facebook.com\/PlanetaOctogono<\/strong><\/p>\n<div style=\"text-align: center\"><\/div>\n","protected":false},"excerpt":{"rendered":"<p>Em entrevista para a revista Tatame, o lutador brasileiro Jos\u00e9 Aldo, se pronunciou ap\u00f3s as cr\u00edticas feitas por Dana White, ap\u00f3s o UFC 157. Analisando <a class=\"read-more\" href=\"https:\/\/blogs.gazetaesportiva.com\/planeta-octogono\/2013\/02\/25\/jose-aldo-se-defende-de-criticas-de-dana-white-e-diz-que-luta-com-pettis-deve-ser-uma-superluta\/\">leia mais<\/a><\/p>\n","protected":false},"author":33,"featured_media":0,"comment_status":"open","ping_status":"open","sticky":false,"template":"","format":"standard","meta":{"jetpack_post_was_ever_published":false,"_jetpack_newsletter_access":"","_jetpack_dont_email_post_to_subs":false,"_jetpack_newsletter_tier_id":0,"_jetpack_memberships_contains_paywalled_content":false,"_jetpack_memberships_contains_paid_content":false,"footnotes":"","jetpack_publicize_message":"","jetpack_publicize_feature_enabled":true,"jetpack_social_post_already_shared":false,"jetpack_social_options":{"image_generator_settings":{"template":"highway","default_image_id":0,"font":"","enabled":false},"version":2}},"categories":[1],"tags":[],"class_list":["post-3790","post","type-post","status-publish","format-standard","hentry","category-principal"],"jetpack_publicize_connections":[],"jetpack_featured_media_url":"","jetpack_sharing_enabled":true,"jetpack_shortlink":"https:\/\/wp.me\/p6rqUQ-Z8","_links":{"self":[{"href":"https:\/\/blogs.gazetaesportiva.com\/planeta-octogono\/wp-json\/wp\/v2\/posts\/3790","targetHints":{"allow":["GET"]}}],"collection":[{"href":"https:\/\/blogs.gazetaesportiva.com\/planeta-octogono\/wp-json\/wp\/v2\/posts"}],"about":[{"href":"https:\/\/blogs.gazetaesportiva.com\/planeta-octogono\/wp-json\/wp\/v2\/types\/post"}],"author":[{"embeddable":true,"href":"https:\/\/blogs.gazetaesportiva.com\/planeta-octogono\/wp-json\/wp\/v2\/users\/33"}],"replies":[{"embeddable":true,"href":"https:\/\/blogs.gazetaesportiva.com\/planeta-octogono\/wp-json\/wp\/v2\/comments?post=3790"}],"version-history":[{"count":0,"href":"https:\/\/blogs.gazetaesportiva.com\/planeta-octogono\/wp-json\/wp\/v2\/posts\/3790\/revisions"}],"wp:attachment":[{"href":"https:\/\/blogs.gazetaesportiva.com\/planeta-octogono\/wp-json\/wp\/v2\/media?parent=3790"}],"wp:term":[{"taxonomy":"category","embeddable":true,"href":"https:\/\/blogs.gazetaesportiva.com\/planeta-octogono\/wp-json\/wp\/v2\/categories?post=3790"},{"taxonomy":"post_tag","embeddable":true,"href":"https:\/\/blogs.gazetaesportiva.com\/planeta-octogono\/wp-json\/wp\/v2\/tags?post=3790"}],"curies":[{"name":"wp","href":"https:\/\/api.w.org\/{rel}","templated":true}]}}