{"id":3788,"date":"2013-02-25T11:05:05","date_gmt":"2013-02-25T14:05:05","guid":{"rendered":"https:\/\/blogs.gazetaesportiva.com\/planeta-octogono\/?p=3788"},"modified":"2013-02-25T11:05:05","modified_gmt":"2013-02-25T14:05:05","slug":"apos-ser-derrotado-por-lyoto-dan-henderson-nao-concorda-com-resultado-de-combate","status":"publish","type":"post","link":"https:\/\/blogs.gazetaesportiva.com\/planeta-octogono\/2013\/02\/25\/apos-ser-derrotado-por-lyoto-dan-henderson-nao-concorda-com-resultado-de-combate\/","title":{"rendered":"Ap\u00f3s ser derrotado por Lyoto, Dan Henderson n\u00e3o concorda com resultado de combate"},"content":{"rendered":"<figure id=\"attachment_3407\" aria-describedby=\"caption-attachment-3407\" style=\"width: 600px\" class=\"wp-caption aligncenter\"><a href=\"https:\/\/blogs.gazetaesportiva.com\/planeta-octogono\/files\/2013\/02\/001_Dan_Henderson.jpg\"><img loading=\"lazy\" decoding=\"async\" class=\"size-full wp-image-3407\" src=\"https:\/\/blogs.gazetaesportiva.com\/planeta-octogono\/files\/2013\/02\/001_Dan_Henderson.jpg\" alt=\"\" width=\"600\" height=\"400\" \/><\/a><figcaption id=\"caption-attachment-3407\" class=\"wp-caption-text\">Americano n\u00e3o concorda com decis\u00e3o dos ju\u00edzes - Divulga\u00e7\u00e3o Showtime<\/figcaption><\/figure>\n<div>Ap\u00f3s ser derrotado pelo brasileiro Lyoto Machida no UFC 157, o americano Dan Henderson fez elogios ao brasileiro pelo combate.<\/div>\n<div><\/div>\n<div>Analisando a luta, Henderson n\u00e3o quis culpar os ju\u00edzes por sua derrota, apesar de acreditar que venceu a luta.<\/div>\n<div><\/div>\n<div>\u201cAchei que tivesse vencido, que tinha feito o suficiente, mas n\u00e3o vou colocar a culpa nos ju\u00edzes.<\/div>\n<div><\/div>\n<div>Eu venci a luta. Mas n\u00e3o oficialmente. Eu acertei ele sempre, quando ele queria lutar. Ele fugia a maior parte do tempo.<\/div>\n<div><\/div>\n<div>Pe\u00e7o desculpas pelo resultado, se a luta foi um pouco chata tamb\u00e9m.<\/div>\n<div><\/div>\n<div>Mas ele tamb\u00e9m fez um grande trabalho de movimenta\u00e7\u00e3o. Eu deveria ter entrado um pouco mais tamb\u00e9m. N\u00e3o deveria ter deixado isso para os ju\u00edzes.\u201d lamentou o americano na coletiva de imprensa ap\u00f3s o UFC 157.<\/div>\n<div><\/div>\n<div>O lutador afirma que j\u00e1 est\u00e1 preparado para mais um desafio.<\/div>\n<div><\/div>\n<div>\u201cEstou pronto. E acredito que estarei lutando o mais r\u00e1pido que puder. Tenho metas a atingir, n\u00e3o quero ficar tanto tempo afastado como fiquei.\u201d declarou Henderson.<\/div>\n<p style=\"text-align: center\"><strong><br \/>\n<\/strong><\/p>\n<p style=\"text-align: center\"><strong>Comente esta not\u00edcia, ou entre em contato conosco, para tirar d\u00favidas e nos ajudar a fazer este blog cada vez melhor.<\/strong><\/p>\n<p><strong>Atrav\u00e9s do e- mail: planetaoctogono@gmail.com<\/strong><\/p>\n<p><strong>Siga nosso Twitter &#8211; www.twitter.com\/BrMassami e comente sobre esta not\u00edcia!<\/strong><\/p>\n<p style=\"text-align: center\"><strong>Siga nosso Facebook \u00a0&#8211; http:\/\/www.facebook.com\/PlanetaOctogono<\/strong><\/p>\n<p style=\"text-align: center\">\n","protected":false},"excerpt":{"rendered":"<p>Ap\u00f3s ser derrotado pelo brasileiro Lyoto Machida no UFC 157, o americano Dan Henderson fez elogios ao brasileiro pelo combate. Analisando a luta, Henderson n\u00e3o <a class=\"read-more\" href=\"https:\/\/blogs.gazetaesportiva.com\/planeta-octogono\/2013\/02\/25\/apos-ser-derrotado-por-lyoto-dan-henderson-nao-concorda-com-resultado-de-combate\/\">leia mais<\/a><\/p>\n","protected":false},"author":33,"featured_media":0,"comment_status":"open","ping_status":"open","sticky":false,"template":"","format":"standard","meta":{"jetpack_post_was_ever_published":false,"_jetpack_newsletter_access":"","_jetpack_dont_email_post_to_subs":false,"_jetpack_newsletter_tier_id":0,"_jetpack_memberships_contains_paywalled_content":false,"_jetpack_memberships_contains_paid_content":false,"footnotes":"","jetpack_publicize_message":"","jetpack_publicize_feature_enabled":true,"jetpack_social_post_already_shared":false,"jetpack_social_options":{"image_generator_settings":{"template":"highway","default_image_id":0,"font":"","enabled":false},"version":2}},"categories":[1],"tags":[],"class_list":["post-3788","post","type-post","status-publish","format-standard","hentry","category-principal"],"jetpack_publicize_connections":[],"jetpack_featured_media_url":"","jetpack_sharing_enabled":true,"jetpack_shortlink":"https:\/\/wp.me\/p6rqUQ-Z6","_links":{"self":[{"href":"https:\/\/blogs.gazetaesportiva.com\/planeta-octogono\/wp-json\/wp\/v2\/posts\/3788","targetHints":{"allow":["GET"]}}],"collection":[{"href":"https:\/\/blogs.gazetaesportiva.com\/planeta-octogono\/wp-json\/wp\/v2\/posts"}],"about":[{"href":"https:\/\/blogs.gazetaesportiva.com\/planeta-octogono\/wp-json\/wp\/v2\/types\/post"}],"author":[{"embeddable":true,"href":"https:\/\/blogs.gazetaesportiva.com\/planeta-octogono\/wp-json\/wp\/v2\/users\/33"}],"replies":[{"embeddable":true,"href":"https:\/\/blogs.gazetaesportiva.com\/planeta-octogono\/wp-json\/wp\/v2\/comments?post=3788"}],"version-history":[{"count":0,"href":"https:\/\/blogs.gazetaesportiva.com\/planeta-octogono\/wp-json\/wp\/v2\/posts\/3788\/revisions"}],"wp:attachment":[{"href":"https:\/\/blogs.gazetaesportiva.com\/planeta-octogono\/wp-json\/wp\/v2\/media?parent=3788"}],"wp:term":[{"taxonomy":"category","embeddable":true,"href":"https:\/\/blogs.gazetaesportiva.com\/planeta-octogono\/wp-json\/wp\/v2\/categories?post=3788"},{"taxonomy":"post_tag","embeddable":true,"href":"https:\/\/blogs.gazetaesportiva.com\/planeta-octogono\/wp-json\/wp\/v2\/tags?post=3788"}],"curies":[{"name":"wp","href":"https:\/\/api.w.org\/{rel}","templated":true}]}}