{"id":3773,"date":"2013-02-24T06:26:17","date_gmt":"2013-02-24T09:26:17","guid":{"rendered":"https:\/\/blogs.gazetaesportiva.com\/planeta-octogono\/?p=3773"},"modified":"2013-02-24T06:26:17","modified_gmt":"2013-02-24T09:26:17","slug":"apos-vitoria-lyoto-machida-muda-de-planos-e-quer-lutar-pelo-cinturao","status":"publish","type":"post","link":"https:\/\/blogs.gazetaesportiva.com\/planeta-octogono\/2013\/02\/24\/apos-vitoria-lyoto-machida-muda-de-planos-e-quer-lutar-pelo-cinturao\/","title":{"rendered":"Ap\u00f3s vit\u00f3ria, Lyoto Machida muda de planos e quer lutar pelo cintur\u00e3o"},"content":{"rendered":"<figure id=\"attachment_1865\" aria-describedby=\"caption-attachment-1865\" style=\"width: 500px\" class=\"wp-caption aligncenter\"><a href=\"https:\/\/blogs.gazetaesportiva.com\/planeta-octogono\/files\/2012\/11\/LyotoMachida_headshot2012.png\"><img loading=\"lazy\" decoding=\"async\" class=\"size-full wp-image-1865\" src=\"https:\/\/blogs.gazetaesportiva.com\/planeta-octogono\/files\/2012\/11\/LyotoMachida_headshot2012.png\" alt=\"\" width=\"500\" height=\"325\" \/><\/a><figcaption id=\"caption-attachment-1865\" class=\"wp-caption-text\">Lyoto ir\u00e1 agarrar oportunidade - Foto - Divulga\u00e7\u00e3o UFC <\/figcaption><\/figure>\n<p>Ap\u00f3s vencer o americano Dan Henderson, no UFC 157, o brasileiro Lyoto Machida, mudou de id\u00e9ia sobre seus planos no futuro.<\/p>\n<p>O lutador que recentemente disse que poderia descer de peso no UFC, para os pesos m\u00e9dios, agora pensa em lutar pelo cintur\u00e3o, j\u00e1 que a oportunidade foi dada.<\/p>\n<p>&#8220;Ap\u00f3s a vit\u00f3ria, agora eu quero ficar nos 93 kg, e agarrar a oportunidade que foi me dada.&#8221; Disse o lutador.<\/p>\n<p>Dana White, Presidente do UFC, confirmou que Lyoto \u00e9 o pr\u00f3ximo desafiante ao cintur\u00e3o do UFC, em coletiva de imprensa do Ultimate ap\u00f3s o evento, ap\u00f3s vencer Dan Henderson.<\/p>\n<p>O brasileiro ter\u00e1 que aguardar o combate entre Chael Sonnen e o campe\u00e3o da categoria Jon Jones, que se enfrentam no UFC 159, em Nova J\u00e9rsei.<\/p>\n<p style=\"text-align: center\"><strong><br \/>\n<\/strong><\/p>\n<p style=\"text-align: center\">\n<div style=\"text-align: center\"><strong>Comente esta not\u00edcia, ou entre em contato conosco, para tirar d\u00favidas e nos ajudar a fazer este blog cada vez melhor.<\/strong><\/div>\n<div style=\"text-align: center\"><strong>Atrav\u00e9s do e- mail: planetaoctogono@gmail.com<\/strong><\/div>\n<div style=\"text-align: center\"><strong><br \/>\n<\/strong><\/div>\n<div style=\"text-align: center\"><strong>Siga nosso Twitter &#8211; www.twitter.com\/BrMassami e comente sobre esta not\u00edcia!<\/strong><\/div>\n<div style=\"text-align: center\"><strong>Siga nosso Facebook \u00a0&#8211; http:\/\/www.facebook.com\/PlanetaOctogono<\/strong><\/div>\n","protected":false},"excerpt":{"rendered":"<p>Ap\u00f3s vencer o americano Dan Henderson, no UFC 157, o brasileiro Lyoto Machida, mudou de id\u00e9ia sobre seus planos no futuro. O lutador que recentemente <a class=\"read-more\" href=\"https:\/\/blogs.gazetaesportiva.com\/planeta-octogono\/2013\/02\/24\/apos-vitoria-lyoto-machida-muda-de-planos-e-quer-lutar-pelo-cinturao\/\">leia mais<\/a><\/p>\n","protected":false},"author":33,"featured_media":0,"comment_status":"open","ping_status":"open","sticky":false,"template":"","format":"standard","meta":{"jetpack_post_was_ever_published":false,"_jetpack_newsletter_access":"","_jetpack_dont_email_post_to_subs":false,"_jetpack_newsletter_tier_id":0,"_jetpack_memberships_contains_paywalled_content":false,"_jetpack_memberships_contains_paid_content":false,"footnotes":"","jetpack_publicize_message":"","jetpack_publicize_feature_enabled":true,"jetpack_social_post_already_shared":false,"jetpack_social_options":{"image_generator_settings":{"template":"highway","default_image_id":0,"font":"","enabled":false},"version":2}},"categories":[1],"tags":[],"class_list":["post-3773","post","type-post","status-publish","format-standard","hentry","category-principal"],"jetpack_publicize_connections":[],"jetpack_featured_media_url":"","jetpack_sharing_enabled":true,"jetpack_shortlink":"https:\/\/wp.me\/p6rqUQ-YR","_links":{"self":[{"href":"https:\/\/blogs.gazetaesportiva.com\/planeta-octogono\/wp-json\/wp\/v2\/posts\/3773","targetHints":{"allow":["GET"]}}],"collection":[{"href":"https:\/\/blogs.gazetaesportiva.com\/planeta-octogono\/wp-json\/wp\/v2\/posts"}],"about":[{"href":"https:\/\/blogs.gazetaesportiva.com\/planeta-octogono\/wp-json\/wp\/v2\/types\/post"}],"author":[{"embeddable":true,"href":"https:\/\/blogs.gazetaesportiva.com\/planeta-octogono\/wp-json\/wp\/v2\/users\/33"}],"replies":[{"embeddable":true,"href":"https:\/\/blogs.gazetaesportiva.com\/planeta-octogono\/wp-json\/wp\/v2\/comments?post=3773"}],"version-history":[{"count":0,"href":"https:\/\/blogs.gazetaesportiva.com\/planeta-octogono\/wp-json\/wp\/v2\/posts\/3773\/revisions"}],"wp:attachment":[{"href":"https:\/\/blogs.gazetaesportiva.com\/planeta-octogono\/wp-json\/wp\/v2\/media?parent=3773"}],"wp:term":[{"taxonomy":"category","embeddable":true,"href":"https:\/\/blogs.gazetaesportiva.com\/planeta-octogono\/wp-json\/wp\/v2\/categories?post=3773"},{"taxonomy":"post_tag","embeddable":true,"href":"https:\/\/blogs.gazetaesportiva.com\/planeta-octogono\/wp-json\/wp\/v2\/tags?post=3773"}],"curies":[{"name":"wp","href":"https:\/\/api.w.org\/{rel}","templated":true}]}}