{"id":3770,"date":"2013-02-24T06:05:04","date_gmt":"2013-02-24T09:05:04","guid":{"rendered":"https:\/\/blogs.gazetaesportiva.com\/planeta-octogono\/?p=3770"},"modified":"2013-02-24T06:05:04","modified_gmt":"2013-02-24T09:05:04","slug":"segundo-dana-white-jose-aldo-esta-recusando-luta-com-pettis-e-promete-pressao-no-lutador","status":"publish","type":"post","link":"https:\/\/blogs.gazetaesportiva.com\/planeta-octogono\/2013\/02\/24\/segundo-dana-white-jose-aldo-esta-recusando-luta-com-pettis-e-promete-pressao-no-lutador\/","title":{"rendered":"Segundo Dana White, Jos\u00e9 Aldo est\u00e1 recusando luta com Pettis e promete press\u00e3o no lutador"},"content":{"rendered":"<figure id=\"attachment_3336\" aria-describedby=\"caption-attachment-3336\" style=\"width: 510px\" class=\"wp-caption aligncenter\"><a href=\"https:\/\/blogs.gazetaesportiva.com\/planeta-octogono\/files\/2013\/02\/1086_18.00.2013_14457_ef_20120115.jpg\"><img loading=\"lazy\" decoding=\"async\" class=\"size-full wp-image-3336   \" src=\"https:\/\/blogs.gazetaesportiva.com\/planeta-octogono\/files\/2013\/02\/1086_18.00.2013_14457_ef_20120115.jpg\" alt=\"\" width=\"510\" height=\"347\" \/><\/a><figcaption id=\"caption-attachment-3336\" class=\"wp-caption-text\">Jos\u00e9 Aldo n\u00e3o quer combate com americano - Wander Roberto\/Inovafoto<\/figcaption><\/figure>\n<p>Ap\u00f3s a coletiva de imprensa do UFC 157, que aconteceu neste s\u00e1bado nos Estados Unidos, o presidente do UFC, Dana White fez uma revela\u00e7\u00e3o.<\/p>\n<p>Segundo Dana, o brasileiro que estaria com um combate marcado com o americano Anthony Pettis no UFC 163, no dia 3 de agosto, n\u00e3o estaria querendo enfrentar o americano.<\/p>\n<p>White, revelou que Aldo acha que Pettis n\u00e3o merece a chance de lutar pelo cintur\u00e3o do peso, j\u00e1 que \u00e9 um peso leve e n\u00e3o pena.<\/p>\n<p>O Presidente aproveitou a oportunidade, para expressar que a situa\u00e7\u00e3o pode piorar \u00a0para Aldo e Dana n\u00e3o quer imaginar como vai reagir se o brasileiro continuar com sua postura.<\/p>\n<div style=\"text-align: center\"><strong>Comente esta not\u00edcia, ou entre em contato conosco, para tirar d\u00favidas e nos ajudar a fazer este blog cada vez melhor.<\/strong><\/div>\n<div style=\"text-align: center\"><strong>Atrav\u00e9s do e- mail: planetaoctogono@gmail.com<\/strong><\/div>\n<div style=\"text-align: center\"><strong><br \/>\n<\/strong><\/div>\n<div style=\"text-align: center\"><strong>Siga nosso Twitter &#8211; www.twitter.com\/BrMassami e comente sobre esta not\u00edcia!<\/strong><\/div>\n<div style=\"text-align: center\"><strong>Siga nosso Facebook \u00a0&#8211; http:\/\/www.facebook.com\/PlanetaOctogono<\/strong><\/div>\n","protected":false},"excerpt":{"rendered":"<p>Ap\u00f3s a coletiva de imprensa do UFC 157, que aconteceu neste s\u00e1bado nos Estados Unidos, o presidente do UFC, Dana White fez uma revela\u00e7\u00e3o. Segundo <a class=\"read-more\" href=\"https:\/\/blogs.gazetaesportiva.com\/planeta-octogono\/2013\/02\/24\/segundo-dana-white-jose-aldo-esta-recusando-luta-com-pettis-e-promete-pressao-no-lutador\/\">leia mais<\/a><\/p>\n","protected":false},"author":33,"featured_media":0,"comment_status":"open","ping_status":"open","sticky":false,"template":"","format":"standard","meta":{"jetpack_post_was_ever_published":false,"_jetpack_newsletter_access":"","_jetpack_dont_email_post_to_subs":false,"_jetpack_newsletter_tier_id":0,"_jetpack_memberships_contains_paywalled_content":false,"_jetpack_memberships_contains_paid_content":false,"footnotes":"","jetpack_publicize_message":"","jetpack_publicize_feature_enabled":true,"jetpack_social_post_already_shared":false,"jetpack_social_options":{"image_generator_settings":{"template":"highway","default_image_id":0,"font":"","enabled":false},"version":2}},"categories":[1],"tags":[],"class_list":["post-3770","post","type-post","status-publish","format-standard","hentry","category-principal"],"jetpack_publicize_connections":[],"jetpack_featured_media_url":"","jetpack_sharing_enabled":true,"jetpack_shortlink":"https:\/\/wp.me\/p6rqUQ-YO","_links":{"self":[{"href":"https:\/\/blogs.gazetaesportiva.com\/planeta-octogono\/wp-json\/wp\/v2\/posts\/3770","targetHints":{"allow":["GET"]}}],"collection":[{"href":"https:\/\/blogs.gazetaesportiva.com\/planeta-octogono\/wp-json\/wp\/v2\/posts"}],"about":[{"href":"https:\/\/blogs.gazetaesportiva.com\/planeta-octogono\/wp-json\/wp\/v2\/types\/post"}],"author":[{"embeddable":true,"href":"https:\/\/blogs.gazetaesportiva.com\/planeta-octogono\/wp-json\/wp\/v2\/users\/33"}],"replies":[{"embeddable":true,"href":"https:\/\/blogs.gazetaesportiva.com\/planeta-octogono\/wp-json\/wp\/v2\/comments?post=3770"}],"version-history":[{"count":0,"href":"https:\/\/blogs.gazetaesportiva.com\/planeta-octogono\/wp-json\/wp\/v2\/posts\/3770\/revisions"}],"wp:attachment":[{"href":"https:\/\/blogs.gazetaesportiva.com\/planeta-octogono\/wp-json\/wp\/v2\/media?parent=3770"}],"wp:term":[{"taxonomy":"category","embeddable":true,"href":"https:\/\/blogs.gazetaesportiva.com\/planeta-octogono\/wp-json\/wp\/v2\/categories?post=3770"},{"taxonomy":"post_tag","embeddable":true,"href":"https:\/\/blogs.gazetaesportiva.com\/planeta-octogono\/wp-json\/wp\/v2\/tags?post=3770"}],"curies":[{"name":"wp","href":"https:\/\/api.w.org\/{rel}","templated":true}]}}