{"id":377,"date":"2012-09-11T19:13:37","date_gmt":"2012-09-11T22:13:37","guid":{"rendered":"https:\/\/blogs.gazetaesportiva.com\/planeta-octogono\/?p=377"},"modified":"2012-09-11T19:13:37","modified_gmt":"2012-09-11T22:13:37","slug":"bomba-depois-de-rampage-jose-aldo-machuca-o-pe-e-esta-fora-do-ufc-rio","status":"publish","type":"post","link":"https:\/\/blogs.gazetaesportiva.com\/planeta-octogono\/2012\/09\/11\/bomba-depois-de-rampage-jose-aldo-machuca-o-pe-e-esta-fora-do-ufc-rio\/","title":{"rendered":"Bomba: Depois de Rampage, Jos\u00e9 Aldo machuca o p\u00e9 e est\u00e1 fora do UFC Rio"},"content":{"rendered":"<figure id=\"attachment_243\" aria-describedby=\"caption-attachment-243\" style=\"width: 500px\" class=\"wp-caption aligncenter\"><a href=\"https:\/\/blogs.gazetaesportiva.com\/planeta-octogono\/files\/2012\/09\/JoseAldo_Headshot153.png\"><img loading=\"lazy\" decoding=\"async\" class=\"size-full wp-image-243\" src=\"https:\/\/blogs.gazetaesportiva.com\/planeta-octogono\/files\/2012\/09\/JoseAldo_Headshot153.png\" alt=\"\" width=\"500\" height=\"325\" \/><\/a><figcaption id=\"caption-attachment-243\" class=\"wp-caption-text\">Lutador est\u00e1 fora do UFC Rio - Foto - Divulga\u00e7\u00e3o UFC<\/figcaption><\/figure>\n<p>Outra not\u00edcia caiu como uma bomba para os f\u00e3s de MMA.<\/p>\n<p>Minutos ap\u00f3s de anunciar que Quinton Jackson se machucou, Dana White, Presidente do UFC anunciou que o brasileiro Jos\u00e9 Aldo est\u00e1 fora do UFC 153.<\/p>\n<p>Atrav\u00e9s de seu Twitter, Dana confirmou que Jos\u00e9 Aldo se machucou e est\u00e1 fora.<\/p>\n<p>A not\u00edcia chocou os f\u00e3s e principalmente quem comprou o ingresso para o evento.<\/p>\n<p>Ao saber da not\u00edcia, o pr\u00f3prio Jos\u00e9 Aldo desmentiu a not\u00edcia. Mas o presidente do UFC confirma a les\u00e3o.<\/p>\n","protected":false},"excerpt":{"rendered":"<p>Outra not\u00edcia caiu como uma bomba para os f\u00e3s de MMA. Minutos ap\u00f3s de anunciar que Quinton Jackson se machucou, Dana White, Presidente do UFC <a class=\"read-more\" href=\"https:\/\/blogs.gazetaesportiva.com\/planeta-octogono\/2012\/09\/11\/bomba-depois-de-rampage-jose-aldo-machuca-o-pe-e-esta-fora-do-ufc-rio\/\">leia mais<\/a><\/p>\n","protected":false},"author":33,"featured_media":0,"comment_status":"open","ping_status":"open","sticky":false,"template":"","format":"standard","meta":{"jetpack_post_was_ever_published":false,"_jetpack_newsletter_access":"","_jetpack_dont_email_post_to_subs":false,"_jetpack_newsletter_tier_id":0,"_jetpack_memberships_contains_paywalled_content":false,"_jetpack_memberships_contains_paid_content":false,"footnotes":"","jetpack_publicize_message":"","jetpack_publicize_feature_enabled":true,"jetpack_social_post_already_shared":false,"jetpack_social_options":{"image_generator_settings":{"template":"highway","default_image_id":0,"font":"","enabled":false},"version":2}},"categories":[1],"tags":[],"class_list":["post-377","post","type-post","status-publish","format-standard","hentry","category-principal"],"jetpack_publicize_connections":[],"jetpack_featured_media_url":"","jetpack_sharing_enabled":true,"jetpack_shortlink":"https:\/\/wp.me\/p6rqUQ-65","_links":{"self":[{"href":"https:\/\/blogs.gazetaesportiva.com\/planeta-octogono\/wp-json\/wp\/v2\/posts\/377","targetHints":{"allow":["GET"]}}],"collection":[{"href":"https:\/\/blogs.gazetaesportiva.com\/planeta-octogono\/wp-json\/wp\/v2\/posts"}],"about":[{"href":"https:\/\/blogs.gazetaesportiva.com\/planeta-octogono\/wp-json\/wp\/v2\/types\/post"}],"author":[{"embeddable":true,"href":"https:\/\/blogs.gazetaesportiva.com\/planeta-octogono\/wp-json\/wp\/v2\/users\/33"}],"replies":[{"embeddable":true,"href":"https:\/\/blogs.gazetaesportiva.com\/planeta-octogono\/wp-json\/wp\/v2\/comments?post=377"}],"version-history":[{"count":0,"href":"https:\/\/blogs.gazetaesportiva.com\/planeta-octogono\/wp-json\/wp\/v2\/posts\/377\/revisions"}],"wp:attachment":[{"href":"https:\/\/blogs.gazetaesportiva.com\/planeta-octogono\/wp-json\/wp\/v2\/media?parent=377"}],"wp:term":[{"taxonomy":"category","embeddable":true,"href":"https:\/\/blogs.gazetaesportiva.com\/planeta-octogono\/wp-json\/wp\/v2\/categories?post=377"},{"taxonomy":"post_tag","embeddable":true,"href":"https:\/\/blogs.gazetaesportiva.com\/planeta-octogono\/wp-json\/wp\/v2\/tags?post=377"}],"curies":[{"name":"wp","href":"https:\/\/api.w.org\/{rel}","templated":true}]}}