{"id":3766,"date":"2013-02-24T05:47:25","date_gmt":"2013-02-24T08:47:25","guid":{"rendered":"https:\/\/blogs.gazetaesportiva.com\/planeta-octogono\/?p=3766"},"modified":"2013-02-24T05:47:25","modified_gmt":"2013-02-24T08:47:25","slug":"ufc-assina-com-amanda-nunes-e-mais-tres-lutadoras-de-mma","status":"publish","type":"post","link":"https:\/\/blogs.gazetaesportiva.com\/planeta-octogono\/2013\/02\/24\/ufc-assina-com-amanda-nunes-e-mais-tres-lutadoras-de-mma\/","title":{"rendered":"UFC assina com Amanda Nunes e mais tr\u00eas lutadoras de MMA"},"content":{"rendered":"<figure id=\"attachment_3767\" aria-describedby=\"caption-attachment-3767\" style=\"width: 500px\" class=\"wp-caption aligncenter\"><a href=\"https:\/\/blogs.gazetaesportiva.com\/planeta-octogono\/files\/2013\/02\/AmandaNunes_F.png\"><img loading=\"lazy\" decoding=\"async\" class=\"size-full wp-image-3767\" src=\"https:\/\/blogs.gazetaesportiva.com\/planeta-octogono\/files\/2013\/02\/AmandaNunes_F.png\" alt=\"\" width=\"500\" height=\"325\" \/><\/a><figcaption id=\"caption-attachment-3767\" class=\"wp-caption-text\">Brasileira ser\u00e1 a primeira lutadora do Brasil a fazer parte do evento - Divulga\u00e7\u00e3o UFC<\/figcaption><\/figure>\n<p>Ap\u00f3s o fim do UFC 157, o Ultimate ter\u00e1 mais 4 lutadoras mulheres em seu plantel.<\/p>\n<p>Segundo o jornalista A.J Perez, o Ultimate que j\u00e1 conta com Ronda Rousey, campe\u00e3 peso galo do evento, Liz Carmouche, Miesha Tate, Cat Zingano, Alexis Davis e Sarah McMann, ter\u00e1 mais quatro mulheres no UFC.<\/p>\n<p>E uma delas brasileira.<\/p>\n<p>Amanda Nunes, ser\u00e1 a primeira brasileira, a fazer parte do plantel do Ultimate.<\/p>\n<p>Al\u00e9m de Amanda, mais tr\u00eas lutadoras estar\u00e3o no UFC:\u00a0Germaine de Randamie, Julie Kedzie, e Sarah Kaufman.<\/p>\n<p>Amanda fazia parte do evento feminino Invicta FC, e tem luta marcada no Invicta contra Kaitlin Young, no dia 5 de abril.<\/p>\n<p>N\u00e3o se sabe ainda se o UFC vai permitir o combate, ou se as 4 lutadores j\u00e1 estar\u00e3o lutando pelo evento.<\/p>\n<p style=\"text-align: center\">\n<p style=\"text-align: center\"><strong>Conhe\u00e7a a brasileira Amanda Nunes:<\/strong><\/p>\n<p style=\"text-align: center\"><strong>[yframe url=&#8217;http:\/\/www.youtube.com\/watch?v=1YMgWT94eh4&#8242;]<\/strong><\/p>\n<p style=\"text-align: center\">\n<p style=\"text-align: center\"><strong> <\/strong><\/p>\n<div style=\"text-align: center\"><strong>Comente esta not\u00edcia, ou entre em contato conosco, para tirar d\u00favidas e nos ajudar a fazer este blog cada vez melhor.<\/strong><\/div>\n<div style=\"text-align: center\"><strong>Atrav\u00e9s do e- mail: planetaoctogono@gmail.com<\/strong><\/div>\n<div style=\"text-align: center\"><strong><br \/>\n<\/strong><\/div>\n<div style=\"text-align: center\"><strong>Siga nosso Twitter &#8211; www.twitter.com\/BrMassami e comente sobre esta not\u00edcia!<\/strong><\/div>\n<div style=\"text-align: center\"><strong>Siga nosso Facebook \u00a0&#8211; http:\/\/www.facebook.com\/PlanetaOctogono<\/strong><\/div>\n","protected":false},"excerpt":{"rendered":"<p>Ap\u00f3s o fim do UFC 157, o Ultimate ter\u00e1 mais 4 lutadoras mulheres em seu plantel. Segundo o jornalista A.J Perez, o Ultimate que j\u00e1 <a class=\"read-more\" href=\"https:\/\/blogs.gazetaesportiva.com\/planeta-octogono\/2013\/02\/24\/ufc-assina-com-amanda-nunes-e-mais-tres-lutadoras-de-mma\/\">leia mais<\/a><\/p>\n","protected":false},"author":33,"featured_media":3767,"comment_status":"open","ping_status":"open","sticky":false,"template":"","format":"standard","meta":{"jetpack_post_was_ever_published":false,"_jetpack_newsletter_access":"","_jetpack_dont_email_post_to_subs":false,"_jetpack_newsletter_tier_id":0,"_jetpack_memberships_contains_paywalled_content":false,"_jetpack_memberships_contains_paid_content":false,"footnotes":"","jetpack_publicize_message":"","jetpack_publicize_feature_enabled":true,"jetpack_social_post_already_shared":false,"jetpack_social_options":{"image_generator_settings":{"template":"highway","default_image_id":0,"font":"","enabled":false},"version":2}},"categories":[1],"tags":[],"class_list":["post-3766","post","type-post","status-publish","format-standard","has-post-thumbnail","hentry","category-principal"],"jetpack_publicize_connections":[],"jetpack_featured_media_url":"https:\/\/blogs.gazetaesportiva.com\/planeta-octogono\/files\/2013\/02\/AmandaNunes_F.png","jetpack_sharing_enabled":true,"jetpack_shortlink":"https:\/\/wp.me\/p6rqUQ-YK","_links":{"self":[{"href":"https:\/\/blogs.gazetaesportiva.com\/planeta-octogono\/wp-json\/wp\/v2\/posts\/3766","targetHints":{"allow":["GET"]}}],"collection":[{"href":"https:\/\/blogs.gazetaesportiva.com\/planeta-octogono\/wp-json\/wp\/v2\/posts"}],"about":[{"href":"https:\/\/blogs.gazetaesportiva.com\/planeta-octogono\/wp-json\/wp\/v2\/types\/post"}],"author":[{"embeddable":true,"href":"https:\/\/blogs.gazetaesportiva.com\/planeta-octogono\/wp-json\/wp\/v2\/users\/33"}],"replies":[{"embeddable":true,"href":"https:\/\/blogs.gazetaesportiva.com\/planeta-octogono\/wp-json\/wp\/v2\/comments?post=3766"}],"version-history":[{"count":0,"href":"https:\/\/blogs.gazetaesportiva.com\/planeta-octogono\/wp-json\/wp\/v2\/posts\/3766\/revisions"}],"wp:featuredmedia":[{"embeddable":true,"href":"https:\/\/blogs.gazetaesportiva.com\/planeta-octogono\/wp-json\/wp\/v2\/media\/3767"}],"wp:attachment":[{"href":"https:\/\/blogs.gazetaesportiva.com\/planeta-octogono\/wp-json\/wp\/v2\/media?parent=3766"}],"wp:term":[{"taxonomy":"category","embeddable":true,"href":"https:\/\/blogs.gazetaesportiva.com\/planeta-octogono\/wp-json\/wp\/v2\/categories?post=3766"},{"taxonomy":"post_tag","embeddable":true,"href":"https:\/\/blogs.gazetaesportiva.com\/planeta-octogono\/wp-json\/wp\/v2\/tags?post=3766"}],"curies":[{"name":"wp","href":"https:\/\/api.w.org\/{rel}","templated":true}]}}