{"id":370,"date":"2012-09-11T17:38:05","date_gmt":"2012-09-11T20:38:05","guid":{"rendered":"https:\/\/blogs.gazetaesportiva.com\/planeta-octogono\/?p=370"},"modified":"2012-09-11T17:39:58","modified_gmt":"2012-09-11T20:39:58","slug":"quinton-jackson-se-machuca-e-brasileiro-fica-sem-adversario-no-ufc-rio","status":"publish","type":"post","link":"https:\/\/blogs.gazetaesportiva.com\/planeta-octogono\/2012\/09\/11\/quinton-jackson-se-machuca-e-brasileiro-fica-sem-adversario-no-ufc-rio\/","title":{"rendered":"Quinton Jackson se machuca e brasileiro fica sem advers\u00e1rio no UFC Rio"},"content":{"rendered":"<figure id=\"attachment_371\" aria-describedby=\"caption-attachment-371\" style=\"width: 398px\" class=\"wp-caption aligncenter\"><a href=\"https:\/\/blogs.gazetaesportiva.com\/planeta-octogono\/files\/2012\/09\/BB400A9E-06E0-49C4-8B5C-5267C751F56E.png\"><img loading=\"lazy\" decoding=\"async\" class=\"size-full wp-image-371\" src=\"https:\/\/blogs.gazetaesportiva.com\/planeta-octogono\/files\/2012\/09\/BB400A9E-06E0-49C4-8B5C-5267C751F56E.png\" alt=\"\" width=\"398\" height=\"266\" \/><\/a><figcaption id=\"caption-attachment-371\" class=\"wp-caption-text\">Americano (esquerda) se lesionou e est\u00e1 fora do combate - Foto - Divulga\u00e7\u00e3o UFC<\/figcaption><\/figure>\n<p>Mais uma m\u00e1 not\u00edcia para os f\u00e3s brasileiros.<\/p>\n<p>Segundo Dana White, o lutador do UFC, Quinton &#8220;Rampage&#8221; Jackson que lutaria no UFC Rio em outubro se machucou.<\/p>\n<p>Jackson faria a segunda luta principal da noite, contra o brasileiro Glover Teixeira.<\/p>\n<p>&#8220;Rampage est\u00e1 fora do UFC 153. Se machucou. Me&#8230;..&#8221; lamentou Dana.<\/p>\n<p>O lutador machucou seu cotovelo e n\u00e3o poder\u00e1 se recuperar a tempo do combate que acontece dia 13 de outubro.<\/p>\n<p>Segundo o treinador de Glover Teixeira, o evento j\u00e1 est\u00e1 trabalhando para encontrar um advers\u00e1rio ao lutador.<\/p>\n<p>E sua presen\u00e7a n\u00e3o ser\u00e1 anulada no card do evento.<\/p>\n<p>Conforme o UFC anunciar o substituto estaremos atualizando aqui no blog. Fiquem ligados!<\/p>\n","protected":false},"excerpt":{"rendered":"<p>Mais uma m\u00e1 not\u00edcia para os f\u00e3s brasileiros. Segundo Dana White, o lutador do UFC, Quinton &#8220;Rampage&#8221; Jackson que lutaria no UFC Rio em outubro <a class=\"read-more\" href=\"https:\/\/blogs.gazetaesportiva.com\/planeta-octogono\/2012\/09\/11\/quinton-jackson-se-machuca-e-brasileiro-fica-sem-adversario-no-ufc-rio\/\">leia mais<\/a><\/p>\n","protected":false},"author":33,"featured_media":371,"comment_status":"open","ping_status":"open","sticky":false,"template":"","format":"standard","meta":{"jetpack_post_was_ever_published":false,"_jetpack_newsletter_access":"","_jetpack_dont_email_post_to_subs":false,"_jetpack_newsletter_tier_id":0,"_jetpack_memberships_contains_paywalled_content":false,"_jetpack_memberships_contains_paid_content":false,"footnotes":"","jetpack_publicize_message":"","jetpack_publicize_feature_enabled":true,"jetpack_social_post_already_shared":false,"jetpack_social_options":{"image_generator_settings":{"template":"highway","default_image_id":0,"font":"","enabled":false},"version":2}},"categories":[1],"tags":[],"class_list":["post-370","post","type-post","status-publish","format-standard","has-post-thumbnail","hentry","category-principal"],"jetpack_publicize_connections":[],"jetpack_featured_media_url":"https:\/\/blogs.gazetaesportiva.com\/planeta-octogono\/files\/2012\/09\/BB400A9E-06E0-49C4-8B5C-5267C751F56E.png","jetpack_sharing_enabled":true,"jetpack_shortlink":"https:\/\/wp.me\/p6rqUQ-5Y","_links":{"self":[{"href":"https:\/\/blogs.gazetaesportiva.com\/planeta-octogono\/wp-json\/wp\/v2\/posts\/370","targetHints":{"allow":["GET"]}}],"collection":[{"href":"https:\/\/blogs.gazetaesportiva.com\/planeta-octogono\/wp-json\/wp\/v2\/posts"}],"about":[{"href":"https:\/\/blogs.gazetaesportiva.com\/planeta-octogono\/wp-json\/wp\/v2\/types\/post"}],"author":[{"embeddable":true,"href":"https:\/\/blogs.gazetaesportiva.com\/planeta-octogono\/wp-json\/wp\/v2\/users\/33"}],"replies":[{"embeddable":true,"href":"https:\/\/blogs.gazetaesportiva.com\/planeta-octogono\/wp-json\/wp\/v2\/comments?post=370"}],"version-history":[{"count":0,"href":"https:\/\/blogs.gazetaesportiva.com\/planeta-octogono\/wp-json\/wp\/v2\/posts\/370\/revisions"}],"wp:featuredmedia":[{"embeddable":true,"href":"https:\/\/blogs.gazetaesportiva.com\/planeta-octogono\/wp-json\/wp\/v2\/media\/371"}],"wp:attachment":[{"href":"https:\/\/blogs.gazetaesportiva.com\/planeta-octogono\/wp-json\/wp\/v2\/media?parent=370"}],"wp:term":[{"taxonomy":"category","embeddable":true,"href":"https:\/\/blogs.gazetaesportiva.com\/planeta-octogono\/wp-json\/wp\/v2\/categories?post=370"},{"taxonomy":"post_tag","embeddable":true,"href":"https:\/\/blogs.gazetaesportiva.com\/planeta-octogono\/wp-json\/wp\/v2\/tags?post=370"}],"curies":[{"name":"wp","href":"https:\/\/api.w.org\/{rel}","templated":true}]}}