{"id":367,"date":"2012-09-11T17:13:29","date_gmt":"2012-09-11T20:13:29","guid":{"rendered":"https:\/\/blogs.gazetaesportiva.com\/planeta-octogono\/?p=367"},"modified":"2012-09-11T17:13:29","modified_gmt":"2012-09-11T20:13:29","slug":"nova-edicao-do-reality-show-de-lutas-do-ufc-comeca-esta-semana","status":"publish","type":"post","link":"https:\/\/blogs.gazetaesportiva.com\/planeta-octogono\/2012\/09\/11\/nova-edicao-do-reality-show-de-lutas-do-ufc-comeca-esta-semana\/","title":{"rendered":"Nova edi\u00e7\u00e3o do reality show de lutas do UFC, come\u00e7a esta semana"},"content":{"rendered":"<figure id=\"attachment_368\" aria-describedby=\"caption-attachment-368\" style=\"width: 605px\" class=\"wp-caption aligncenter\"><a href=\"https:\/\/blogs.gazetaesportiva.com\/planeta-octogono\/files\/2012\/09\/TUF16_v3.jpg\"><img loading=\"lazy\" decoding=\"async\" class=\"size-full wp-image-368\" src=\"https:\/\/blogs.gazetaesportiva.com\/planeta-octogono\/files\/2012\/09\/TUF16_v3.jpg\" alt=\"\" width=\"605\" height=\"360\" \/><\/a><figcaption id=\"caption-attachment-368\" class=\"wp-caption-text\">The Ultimate Fighter chega a d\u00e9cima sexta edi\u00e7\u00e3o - Foto Divulga\u00e7\u00e3o UFC\/Fuel TV<\/figcaption><\/figure>\n<p>O reality show de lutas do UFC est\u00e1 de volta.<\/p>\n<p>Depois de realizar no Brasil a sua primeira edi\u00e7\u00e3o do &#8220;The Ultimate Fighter&#8221;, nesta sexta feira o programa volta a ser exibido nos Estados Unidos.<\/p>\n<p>Com os lutadores pesos pesados Shane Carwin e o pol\u00eamico Roy Nelson, o programa promete ser cheio de emo\u00e7\u00f5es.<\/p>\n<p>32 lutadores far\u00e3o no primeiro epis\u00f3dio uma seletiva com 16 lutas.<\/p>\n<p>Os vencedores ser\u00e3o confinados numa mans\u00e3o em Las Vegas e v\u00e3o passar 2 meses confinados.<\/p>\n<p>S\u00e3o 8 pesos m\u00e9dios (at\u00e9 84 kg) e 8 pesos meio pesado (at\u00e9 93 kg) que lutam por 2 contratos de 6 lutas no UFC.<\/p>\n<p>A final do programa ser\u00e1 em dezembro, num evento realizado no The Palms, em Las Vegas.<\/p>\n<p style=\"text-align: center\">\n<p style=\"text-align: center\"><strong><br \/>\n<\/strong><\/p>\n<p style=\"text-align: center\"><strong>Assista o trailer do programa:<\/strong><\/p>\n<p style=\"text-align: center\"><strong>[yframe url=&#8217;http:\/\/www.youtube.com\/watch?v=pB-eWtWRMpk&#8217;]<\/strong><\/p>\n<p style=\"text-align: center\">\n","protected":false},"excerpt":{"rendered":"<p>O reality show de lutas do UFC est\u00e1 de volta. Depois de realizar no Brasil a sua primeira edi\u00e7\u00e3o do &#8220;The Ultimate Fighter&#8221;, nesta sexta <a class=\"read-more\" href=\"https:\/\/blogs.gazetaesportiva.com\/planeta-octogono\/2012\/09\/11\/nova-edicao-do-reality-show-de-lutas-do-ufc-comeca-esta-semana\/\">leia mais<\/a><\/p>\n","protected":false},"author":33,"featured_media":368,"comment_status":"open","ping_status":"open","sticky":false,"template":"","format":"standard","meta":{"jetpack_post_was_ever_published":false,"_jetpack_newsletter_access":"","_jetpack_dont_email_post_to_subs":false,"_jetpack_newsletter_tier_id":0,"_jetpack_memberships_contains_paywalled_content":false,"_jetpack_memberships_contains_paid_content":false,"footnotes":"","jetpack_publicize_message":"","jetpack_publicize_feature_enabled":true,"jetpack_social_post_already_shared":false,"jetpack_social_options":{"image_generator_settings":{"template":"highway","default_image_id":0,"font":"","enabled":false},"version":2}},"categories":[1],"tags":[],"class_list":["post-367","post","type-post","status-publish","format-standard","has-post-thumbnail","hentry","category-principal"],"jetpack_publicize_connections":[],"jetpack_featured_media_url":"https:\/\/blogs.gazetaesportiva.com\/planeta-octogono\/files\/2012\/09\/TUF16_v3.jpg","jetpack_sharing_enabled":true,"jetpack_shortlink":"https:\/\/wp.me\/p6rqUQ-5V","_links":{"self":[{"href":"https:\/\/blogs.gazetaesportiva.com\/planeta-octogono\/wp-json\/wp\/v2\/posts\/367","targetHints":{"allow":["GET"]}}],"collection":[{"href":"https:\/\/blogs.gazetaesportiva.com\/planeta-octogono\/wp-json\/wp\/v2\/posts"}],"about":[{"href":"https:\/\/blogs.gazetaesportiva.com\/planeta-octogono\/wp-json\/wp\/v2\/types\/post"}],"author":[{"embeddable":true,"href":"https:\/\/blogs.gazetaesportiva.com\/planeta-octogono\/wp-json\/wp\/v2\/users\/33"}],"replies":[{"embeddable":true,"href":"https:\/\/blogs.gazetaesportiva.com\/planeta-octogono\/wp-json\/wp\/v2\/comments?post=367"}],"version-history":[{"count":0,"href":"https:\/\/blogs.gazetaesportiva.com\/planeta-octogono\/wp-json\/wp\/v2\/posts\/367\/revisions"}],"wp:featuredmedia":[{"embeddable":true,"href":"https:\/\/blogs.gazetaesportiva.com\/planeta-octogono\/wp-json\/wp\/v2\/media\/368"}],"wp:attachment":[{"href":"https:\/\/blogs.gazetaesportiva.com\/planeta-octogono\/wp-json\/wp\/v2\/media?parent=367"}],"wp:term":[{"taxonomy":"category","embeddable":true,"href":"https:\/\/blogs.gazetaesportiva.com\/planeta-octogono\/wp-json\/wp\/v2\/categories?post=367"},{"taxonomy":"post_tag","embeddable":true,"href":"https:\/\/blogs.gazetaesportiva.com\/planeta-octogono\/wp-json\/wp\/v2\/tags?post=367"}],"curies":[{"name":"wp","href":"https:\/\/api.w.org\/{rel}","templated":true}]}}