{"id":364,"date":"2012-09-11T16:23:04","date_gmt":"2012-09-11T19:23:04","guid":{"rendered":"https:\/\/blogs.gazetaesportiva.com\/planeta-octogono\/?p=364"},"modified":"2012-09-11T17:48:26","modified_gmt":"2012-09-11T20:48:26","slug":"melhores-momentos-da-coletiva-telefonica-do-ufc-152","status":"publish","type":"post","link":"https:\/\/blogs.gazetaesportiva.com\/planeta-octogono\/2012\/09\/11\/melhores-momentos-da-coletiva-telefonica-do-ufc-152\/","title":{"rendered":"Melhores momentos da coletiva telef\u00f4nica do UFC 152"},"content":{"rendered":"<figure id=\"attachment_123\" aria-describedby=\"caption-attachment-123\" style=\"width: 595px\" class=\"wp-caption aligncenter\"><a href=\"https:\/\/blogs.gazetaesportiva.com\/planeta-octogono\/files\/2012\/08\/blog-05.jpg\"><img loading=\"lazy\" decoding=\"async\" class=\"size-full wp-image-123\" src=\"https:\/\/blogs.gazetaesportiva.com\/planeta-octogono\/files\/2012\/08\/blog-05.jpg\" alt=\"Vitor Belfort participou de coletiva - Foto _ Divulga\u00e7\u00e3o UFC\" width=\"595\" height=\"397\" \/><\/a><figcaption id=\"caption-attachment-123\" class=\"wp-caption-text\">Brasileiro demonstra confian\u00e7a em pr\u00f3xima luta - foto: Divulga\u00e7\u00e3o UFC<\/figcaption><\/figure>\n<p>Acabou a instantes e ap\u00f3s um bom tempo sem confer\u00eancias de imprensa, o UFC voltou aos trabalhos hoje.<\/p>\n<p>Dana White, Presidente do UFC, disse que s\u00f3 ir\u00e1 conversar &#8220;cara a cara&#8221; com Jon Jones em Toronto, ap\u00f3s o incidente com o UFC 151.<\/p>\n<p>Jon Jones considera combate com Vitor Belfort &#8211; Fen\u00f4meno vs Fen\u00f4meno<\/p>\n<p>Al\u00e9m disso o campe\u00e3o revelou que n\u00e3o estava com raiva quando enfrentou Rashad Evans, devido sua rela\u00e7\u00e3o amig\u00e1vel que tinha com Rashad.<\/p>\n<p>Vitor Belfort se considera um pequeno dinossauro, j\u00e1 que est\u00e1 a tanto tempo lutando.<\/p>\n<p>E agradeceu a oportunidade de enfrentar Jones. &#8220;\u00c9 um grande prazer&#8221;.<\/p>\n<p>Dana White ficou furioso pelas cr\u00edticas infundadas e pelo exagero da imprensa por falar mal do cancelamento do UFC 151.<\/p>\n<p>E Jon Jones acredita que ser\u00e1 uma verdadeira batalha enfrentar Vitor.<\/p>\n<p>Nova coletiva de imprensa ser\u00e1 realizada na semana que vem, juntamente com os treinos abertos, pesagem oficial e evento.<\/p>\n<p>O combate de Vitor e Jones ser\u00e1 transmitido pela Rede Globo no s\u00e1bado, dia 22 de setembro.<\/p>\n","protected":false},"excerpt":{"rendered":"<p>Acabou a instantes e ap\u00f3s um bom tempo sem confer\u00eancias de imprensa, o UFC voltou aos trabalhos hoje. Dana White, Presidente do UFC, disse que <a class=\"read-more\" href=\"https:\/\/blogs.gazetaesportiva.com\/planeta-octogono\/2012\/09\/11\/melhores-momentos-da-coletiva-telefonica-do-ufc-152\/\">leia mais<\/a><\/p>\n","protected":false},"author":33,"featured_media":0,"comment_status":"open","ping_status":"open","sticky":false,"template":"","format":"standard","meta":{"jetpack_post_was_ever_published":false,"_jetpack_newsletter_access":"","_jetpack_dont_email_post_to_subs":false,"_jetpack_newsletter_tier_id":0,"_jetpack_memberships_contains_paywalled_content":false,"_jetpack_memberships_contains_paid_content":false,"footnotes":"","jetpack_publicize_message":"","jetpack_publicize_feature_enabled":true,"jetpack_social_post_already_shared":false,"jetpack_social_options":{"image_generator_settings":{"template":"highway","default_image_id":0,"font":"","enabled":false},"version":2}},"categories":[1],"tags":[],"class_list":["post-364","post","type-post","status-publish","format-standard","hentry","category-principal"],"jetpack_publicize_connections":[],"jetpack_featured_media_url":"","jetpack_sharing_enabled":true,"jetpack_shortlink":"https:\/\/wp.me\/p6rqUQ-5S","_links":{"self":[{"href":"https:\/\/blogs.gazetaesportiva.com\/planeta-octogono\/wp-json\/wp\/v2\/posts\/364","targetHints":{"allow":["GET"]}}],"collection":[{"href":"https:\/\/blogs.gazetaesportiva.com\/planeta-octogono\/wp-json\/wp\/v2\/posts"}],"about":[{"href":"https:\/\/blogs.gazetaesportiva.com\/planeta-octogono\/wp-json\/wp\/v2\/types\/post"}],"author":[{"embeddable":true,"href":"https:\/\/blogs.gazetaesportiva.com\/planeta-octogono\/wp-json\/wp\/v2\/users\/33"}],"replies":[{"embeddable":true,"href":"https:\/\/blogs.gazetaesportiva.com\/planeta-octogono\/wp-json\/wp\/v2\/comments?post=364"}],"version-history":[{"count":0,"href":"https:\/\/blogs.gazetaesportiva.com\/planeta-octogono\/wp-json\/wp\/v2\/posts\/364\/revisions"}],"wp:attachment":[{"href":"https:\/\/blogs.gazetaesportiva.com\/planeta-octogono\/wp-json\/wp\/v2\/media?parent=364"}],"wp:term":[{"taxonomy":"category","embeddable":true,"href":"https:\/\/blogs.gazetaesportiva.com\/planeta-octogono\/wp-json\/wp\/v2\/categories?post=364"},{"taxonomy":"post_tag","embeddable":true,"href":"https:\/\/blogs.gazetaesportiva.com\/planeta-octogono\/wp-json\/wp\/v2\/tags?post=364"}],"curies":[{"name":"wp","href":"https:\/\/api.w.org\/{rel}","templated":true}]}}