{"id":361,"date":"2012-09-11T16:04:01","date_gmt":"2012-09-11T19:04:01","guid":{"rendered":"https:\/\/blogs.gazetaesportiva.com\/planeta-octogono\/?p=361"},"modified":"2012-09-11T17:51:34","modified_gmt":"2012-09-11T20:51:34","slug":"rede-globo-vai-transmitir-disputa-de-cinturao-entre-vitor-belfort-vs-jon-jones","status":"publish","type":"post","link":"https:\/\/blogs.gazetaesportiva.com\/planeta-octogono\/2012\/09\/11\/rede-globo-vai-transmitir-disputa-de-cinturao-entre-vitor-belfort-vs-jon-jones\/","title":{"rendered":"Rede Globo vai transmitir disputa de cintur\u00e3o entre Vitor Belfort vs Jon Jones"},"content":{"rendered":"<figure id=\"attachment_362\" aria-describedby=\"caption-attachment-362\" style=\"width: 377px\" class=\"wp-caption aligncenter\"><a href=\"https:\/\/blogs.gazetaesportiva.com\/planeta-octogono\/files\/2012\/09\/13460959371196.g.jpg\"><img loading=\"lazy\" decoding=\"async\" class=\"size-full wp-image-362\" src=\"https:\/\/blogs.gazetaesportiva.com\/planeta-octogono\/files\/2012\/09\/13460959371196.g.jpg\" alt=\"\" width=\"377\" height=\"541\" \/><\/a><figcaption id=\"caption-attachment-362\" class=\"wp-caption-text\">Combate de brasileiro ser\u00e1 transmitido com 30 minutos de atraso - Foto - Divulga\u00e7\u00e3o UFC<\/figcaption><\/figure>\n<p>A Rede Globo ir\u00e1 transmitir o combate do UFC 152, a disputa de cintur\u00e3o entre Vitor Belfort e Jon Jones.<\/p>\n<p>Segundo a publica\u00e7\u00e3o UOL, o emissora carioca n\u00e3o conseguiu entrar em acordo com o UFC.<\/p>\n<p>E com isso o combate ser\u00e1 transmitido ap\u00f3s o programa Zorra Total, com 30 minutos de atraso.<\/p>\n<p>Vitor Belfort ter\u00e1 seu combate transmitido pela segunda vez na emissora, j\u00e1 que seu combate contra Anthony Johnson no UFC Rio foi exibido.<\/p>\n<p>O combate ir\u00e1 acontecer no dia 22 de setembro.<\/p>\n","protected":false},"excerpt":{"rendered":"<p>A Rede Globo ir\u00e1 transmitir o combate do UFC 152, a disputa de cintur\u00e3o entre Vitor Belfort e Jon Jones. Segundo a publica\u00e7\u00e3o UOL, o <a class=\"read-more\" href=\"https:\/\/blogs.gazetaesportiva.com\/planeta-octogono\/2012\/09\/11\/rede-globo-vai-transmitir-disputa-de-cinturao-entre-vitor-belfort-vs-jon-jones\/\">leia mais<\/a><\/p>\n","protected":false},"author":33,"featured_media":362,"comment_status":"open","ping_status":"open","sticky":false,"template":"","format":"standard","meta":{"jetpack_post_was_ever_published":false,"_jetpack_newsletter_access":"","_jetpack_dont_email_post_to_subs":false,"_jetpack_newsletter_tier_id":0,"_jetpack_memberships_contains_paywalled_content":false,"_jetpack_memberships_contains_paid_content":false,"footnotes":"","jetpack_publicize_message":"","jetpack_publicize_feature_enabled":true,"jetpack_social_post_already_shared":false,"jetpack_social_options":{"image_generator_settings":{"template":"highway","default_image_id":0,"font":"","enabled":false},"version":2}},"categories":[1],"tags":[],"class_list":["post-361","post","type-post","status-publish","format-standard","has-post-thumbnail","hentry","category-principal"],"jetpack_publicize_connections":[],"jetpack_featured_media_url":"https:\/\/blogs.gazetaesportiva.com\/planeta-octogono\/files\/2012\/09\/13460959371196.g.jpg","jetpack_sharing_enabled":true,"jetpack_shortlink":"https:\/\/wp.me\/p6rqUQ-5P","_links":{"self":[{"href":"https:\/\/blogs.gazetaesportiva.com\/planeta-octogono\/wp-json\/wp\/v2\/posts\/361","targetHints":{"allow":["GET"]}}],"collection":[{"href":"https:\/\/blogs.gazetaesportiva.com\/planeta-octogono\/wp-json\/wp\/v2\/posts"}],"about":[{"href":"https:\/\/blogs.gazetaesportiva.com\/planeta-octogono\/wp-json\/wp\/v2\/types\/post"}],"author":[{"embeddable":true,"href":"https:\/\/blogs.gazetaesportiva.com\/planeta-octogono\/wp-json\/wp\/v2\/users\/33"}],"replies":[{"embeddable":true,"href":"https:\/\/blogs.gazetaesportiva.com\/planeta-octogono\/wp-json\/wp\/v2\/comments?post=361"}],"version-history":[{"count":0,"href":"https:\/\/blogs.gazetaesportiva.com\/planeta-octogono\/wp-json\/wp\/v2\/posts\/361\/revisions"}],"wp:featuredmedia":[{"embeddable":true,"href":"https:\/\/blogs.gazetaesportiva.com\/planeta-octogono\/wp-json\/wp\/v2\/media\/362"}],"wp:attachment":[{"href":"https:\/\/blogs.gazetaesportiva.com\/planeta-octogono\/wp-json\/wp\/v2\/media?parent=361"}],"wp:term":[{"taxonomy":"category","embeddable":true,"href":"https:\/\/blogs.gazetaesportiva.com\/planeta-octogono\/wp-json\/wp\/v2\/categories?post=361"},{"taxonomy":"post_tag","embeddable":true,"href":"https:\/\/blogs.gazetaesportiva.com\/planeta-octogono\/wp-json\/wp\/v2\/tags?post=361"}],"curies":[{"name":"wp","href":"https:\/\/api.w.org\/{rel}","templated":true}]}}