{"id":355,"date":"2012-09-11T00:03:27","date_gmt":"2012-09-11T03:03:27","guid":{"rendered":"https:\/\/blogs.gazetaesportiva.com\/planeta-octogono\/?p=355"},"modified":"2012-09-11T00:10:35","modified_gmt":"2012-09-11T03:10:35","slug":"bate-papo-entrevista-com-reporter-do-ufc-paula-sack","status":"publish","type":"post","link":"https:\/\/blogs.gazetaesportiva.com\/planeta-octogono\/2012\/09\/11\/bate-papo-entrevista-com-reporter-do-ufc-paula-sack\/","title":{"rendered":"Bate Papo &#8211; Entrevista com Rep\u00f3rter do UFC &#8211; Paula Sack"},"content":{"rendered":"<figure id=\"attachment_356\" aria-describedby=\"caption-attachment-356\" style=\"width: 540px\" class=\"wp-caption aligncenter\"><a href=\"https:\/\/blogs.gazetaesportiva.com\/planeta-octogono\/files\/2012\/09\/paula-sack.jpg\"><img loading=\"lazy\" decoding=\"async\" class=\"size-full wp-image-356\" src=\"https:\/\/blogs.gazetaesportiva.com\/planeta-octogono\/files\/2012\/09\/paula-sack.jpg\" alt=\"\" width=\"540\" height=\"549\" \/><\/a><figcaption id=\"caption-attachment-356\" class=\"wp-caption-text\">Jornalista e Rep\u00f3rter do UFC conta detalhes de sua carreira - Foto - Arquivo Pessoal<\/figcaption><\/figure>\n<figure id=\"attachment_357\" aria-describedby=\"caption-attachment-357\" style=\"width: 367px\" class=\"wp-caption alignleft\"><a href=\"https:\/\/blogs.gazetaesportiva.com\/planeta-octogono\/files\/2012\/09\/paula-sack2.jpg\"><img loading=\"lazy\" decoding=\"async\" class=\"size-full wp-image-357 \" src=\"https:\/\/blogs.gazetaesportiva.com\/planeta-octogono\/files\/2012\/09\/paula-sack2.jpg\" alt=\"\" width=\"367\" height=\"367\" \/><\/a><figcaption id=\"caption-attachment-357\" class=\"wp-caption-text\">Paulinha sempre acompanha e trabalha nos grandes combates do UFC - Foto Arquivo Pessoal<\/figcaption><\/figure>\n<p>Minna Sama! O Bate Papo no Planeta est\u00e1 de volta!<\/p>\n<p>E com uma grande entrevista!<\/p>\n<p><strong>Paula Sack<\/strong>, jornalista, apresentadora e rep\u00f3rter do UFC, conta um pouco de sua hist\u00f3ria.<\/p>\n<p>Conhe\u00e7a todos os detalhes e desafios que &#8220;Paulinha&#8221; como \u00e9 conhecida no mundo das lutas enfrentou para chegar aonde est\u00e1.<\/p>\n<p>Paula contou desde seu in\u00edcio como jornalista, e seus trabalhos no Canal Combate e seu novo desafio como rep\u00f3rter do maior evento do mundo.<\/p>\n<p><strong>Pedimos desculpas, tivemos que mudar o m\u00e9todo de grava\u00e7\u00e3o devido a conex\u00e3o.<\/strong><\/p>\n<p style=\"text-align: center\"><strong><br \/>\n<\/strong><\/p>\n<p style=\"text-align: center\"><strong>Ou\u00e7a a entrevista em duas partes:<\/strong><\/p>\n<p style=\"text-align: center\"><strong><br \/>\n<\/strong><\/p>\n<p style=\"text-align: center\"><strong>[yframe url=&#8217;http:\/\/www.youtube.com\/watch?v=r2Th9EIBB5o&#8217;]<\/strong><\/p>\n<p style=\"text-align: center\"><strong><br \/>\n<\/strong><\/p>\n<p style=\"text-align: center\"><strong>[yframe url=&#8217;http:\/\/www.youtube.com\/watch?v=x8lSDQde0oI&#8217;]<\/strong><\/p>\n","protected":false},"excerpt":{"rendered":"<p>Minna Sama! O Bate Papo no Planeta est\u00e1 de volta! E com uma grande entrevista! Paula Sack, jornalista, apresentadora e rep\u00f3rter do UFC, conta um <a class=\"read-more\" href=\"https:\/\/blogs.gazetaesportiva.com\/planeta-octogono\/2012\/09\/11\/bate-papo-entrevista-com-reporter-do-ufc-paula-sack\/\">leia mais<\/a><\/p>\n","protected":false},"author":33,"featured_media":357,"comment_status":"open","ping_status":"open","sticky":false,"template":"","format":"standard","meta":{"jetpack_post_was_ever_published":false,"_jetpack_newsletter_access":"","_jetpack_dont_email_post_to_subs":false,"_jetpack_newsletter_tier_id":0,"_jetpack_memberships_contains_paywalled_content":false,"_jetpack_memberships_contains_paid_content":false,"footnotes":"","jetpack_publicize_message":"","jetpack_publicize_feature_enabled":true,"jetpack_social_post_already_shared":false,"jetpack_social_options":{"image_generator_settings":{"template":"highway","default_image_id":0,"font":"","enabled":false},"version":2}},"categories":[3],"tags":[],"class_list":["post-355","post","type-post","status-publish","format-standard","has-post-thumbnail","hentry","category-bate-papo"],"jetpack_publicize_connections":[],"jetpack_featured_media_url":"https:\/\/blogs.gazetaesportiva.com\/planeta-octogono\/files\/2012\/09\/paula-sack2.jpg","jetpack_sharing_enabled":true,"jetpack_shortlink":"https:\/\/wp.me\/p6rqUQ-5J","_links":{"self":[{"href":"https:\/\/blogs.gazetaesportiva.com\/planeta-octogono\/wp-json\/wp\/v2\/posts\/355","targetHints":{"allow":["GET"]}}],"collection":[{"href":"https:\/\/blogs.gazetaesportiva.com\/planeta-octogono\/wp-json\/wp\/v2\/posts"}],"about":[{"href":"https:\/\/blogs.gazetaesportiva.com\/planeta-octogono\/wp-json\/wp\/v2\/types\/post"}],"author":[{"embeddable":true,"href":"https:\/\/blogs.gazetaesportiva.com\/planeta-octogono\/wp-json\/wp\/v2\/users\/33"}],"replies":[{"embeddable":true,"href":"https:\/\/blogs.gazetaesportiva.com\/planeta-octogono\/wp-json\/wp\/v2\/comments?post=355"}],"version-history":[{"count":0,"href":"https:\/\/blogs.gazetaesportiva.com\/planeta-octogono\/wp-json\/wp\/v2\/posts\/355\/revisions"}],"wp:featuredmedia":[{"embeddable":true,"href":"https:\/\/blogs.gazetaesportiva.com\/planeta-octogono\/wp-json\/wp\/v2\/media\/357"}],"wp:attachment":[{"href":"https:\/\/blogs.gazetaesportiva.com\/planeta-octogono\/wp-json\/wp\/v2\/media?parent=355"}],"wp:term":[{"taxonomy":"category","embeddable":true,"href":"https:\/\/blogs.gazetaesportiva.com\/planeta-octogono\/wp-json\/wp\/v2\/categories?post=355"},{"taxonomy":"post_tag","embeddable":true,"href":"https:\/\/blogs.gazetaesportiva.com\/planeta-octogono\/wp-json\/wp\/v2\/tags?post=355"}],"curies":[{"name":"wp","href":"https:\/\/api.w.org\/{rel}","templated":true}]}}