{"id":347,"date":"2012-09-10T11:23:23","date_gmt":"2012-09-10T14:23:23","guid":{"rendered":"https:\/\/blogs.gazetaesportiva.com\/planeta-octogono\/?p=347"},"modified":"2012-09-10T11:23:23","modified_gmt":"2012-09-10T14:23:23","slug":"depois-de-recusar-luta-jones-manda-recado-a-sonnen-sua-hora-vai-chegar","status":"publish","type":"post","link":"https:\/\/blogs.gazetaesportiva.com\/planeta-octogono\/2012\/09\/10\/depois-de-recusar-luta-jones-manda-recado-a-sonnen-sua-hora-vai-chegar\/","title":{"rendered":"Depois de recusar luta. Jones manda recado a Sonnen: Sua hora vai chegar"},"content":{"rendered":"<figure id=\"attachment_349\" aria-describedby=\"caption-attachment-349\" style=\"width: 648px\" class=\"wp-caption aligncenter\"><a href=\"https:\/\/blogs.gazetaesportiva.com\/planeta-octogono\/files\/2012\/09\/151-jones-fighter_288250_feature_image.png\"><img loading=\"lazy\" decoding=\"async\" class=\"size-full wp-image-349\" src=\"https:\/\/blogs.gazetaesportiva.com\/planeta-octogono\/files\/2012\/09\/151-jones-fighter_288250_feature_image.png\" alt=\"\" width=\"648\" height=\"394\" \/><\/a><figcaption id=\"caption-attachment-349\" class=\"wp-caption-text\">Campe\u00e3o se irritou com zombarias de falastr\u00e3o - Foto - Divulga\u00e7\u00e3o UFC<\/figcaption><\/figure>\n<p>Irritado com os v\u00e1rios coment\u00e1rios de Chael Sonnen, o campe\u00e3o peso meio pesado (at\u00e9 93 kg) do UFC respondeu a altura.<\/p>\n<p>Em entrevista para Ariel Helwani, Jon Jones afirmou os motivos de sua recusa, quando Sonnen foi oferecido como alternativa a les\u00e3o de Dan Henderson.<\/p>\n<p>&#8220;Por que eu iria colocar um campeonato mundial em jogo contra um advers\u00e1rio muito perigoso e que n\u00e3o ganhou nem de longe o direito de considerar-se em posi\u00e7\u00e3o de lutar por um t\u00edtulo mundial?<\/p>\n<p>\u00c9 como se ele tivesse ganhado na loteria e me recuso a dar esse prazer para ele.<\/p>\n<p>Ele ter\u00e1 sua chance quando a hora chegar. Eu vou derrotar esse babaca. Avisou o campe\u00e3o.<\/p>\n<p>Jon Jones enfrentar\u00e1 o brasileiro Vitor Belfort, no dia 22 de setembro em Toronto no Canad\u00e1 no UFC 152.<\/p>\n","protected":false},"excerpt":{"rendered":"<p>Irritado com os v\u00e1rios coment\u00e1rios de Chael Sonnen, o campe\u00e3o peso meio pesado (at\u00e9 93 kg) do UFC respondeu a altura. Em entrevista para Ariel <a class=\"read-more\" href=\"https:\/\/blogs.gazetaesportiva.com\/planeta-octogono\/2012\/09\/10\/depois-de-recusar-luta-jones-manda-recado-a-sonnen-sua-hora-vai-chegar\/\">leia mais<\/a><\/p>\n","protected":false},"author":33,"featured_media":349,"comment_status":"open","ping_status":"open","sticky":false,"template":"","format":"standard","meta":{"jetpack_post_was_ever_published":false,"_jetpack_newsletter_access":"","_jetpack_dont_email_post_to_subs":false,"_jetpack_newsletter_tier_id":0,"_jetpack_memberships_contains_paywalled_content":false,"_jetpack_memberships_contains_paid_content":false,"footnotes":"","jetpack_publicize_message":"","jetpack_publicize_feature_enabled":true,"jetpack_social_post_already_shared":false,"jetpack_social_options":{"image_generator_settings":{"template":"highway","default_image_id":0,"font":"","enabled":false},"version":2}},"categories":[1],"tags":[],"class_list":["post-347","post","type-post","status-publish","format-standard","has-post-thumbnail","hentry","category-principal"],"jetpack_publicize_connections":[],"jetpack_featured_media_url":"https:\/\/blogs.gazetaesportiva.com\/planeta-octogono\/files\/2012\/09\/151-jones-fighter_288250_feature_image.png","jetpack_sharing_enabled":true,"jetpack_shortlink":"https:\/\/wp.me\/p6rqUQ-5B","_links":{"self":[{"href":"https:\/\/blogs.gazetaesportiva.com\/planeta-octogono\/wp-json\/wp\/v2\/posts\/347","targetHints":{"allow":["GET"]}}],"collection":[{"href":"https:\/\/blogs.gazetaesportiva.com\/planeta-octogono\/wp-json\/wp\/v2\/posts"}],"about":[{"href":"https:\/\/blogs.gazetaesportiva.com\/planeta-octogono\/wp-json\/wp\/v2\/types\/post"}],"author":[{"embeddable":true,"href":"https:\/\/blogs.gazetaesportiva.com\/planeta-octogono\/wp-json\/wp\/v2\/users\/33"}],"replies":[{"embeddable":true,"href":"https:\/\/blogs.gazetaesportiva.com\/planeta-octogono\/wp-json\/wp\/v2\/comments?post=347"}],"version-history":[{"count":0,"href":"https:\/\/blogs.gazetaesportiva.com\/planeta-octogono\/wp-json\/wp\/v2\/posts\/347\/revisions"}],"wp:featuredmedia":[{"embeddable":true,"href":"https:\/\/blogs.gazetaesportiva.com\/planeta-octogono\/wp-json\/wp\/v2\/media\/349"}],"wp:attachment":[{"href":"https:\/\/blogs.gazetaesportiva.com\/planeta-octogono\/wp-json\/wp\/v2\/media?parent=347"}],"wp:term":[{"taxonomy":"category","embeddable":true,"href":"https:\/\/blogs.gazetaesportiva.com\/planeta-octogono\/wp-json\/wp\/v2\/categories?post=347"},{"taxonomy":"post_tag","embeddable":true,"href":"https:\/\/blogs.gazetaesportiva.com\/planeta-octogono\/wp-json\/wp\/v2\/tags?post=347"}],"curies":[{"name":"wp","href":"https:\/\/api.w.org\/{rel}","templated":true}]}}