{"id":3161,"date":"2013-02-01T11:09:26","date_gmt":"2013-02-01T13:09:26","guid":{"rendered":"https:\/\/blogs.gazetaesportiva.com\/planeta-octogono\/?p=3161"},"modified":"2013-02-02T00:24:20","modified_gmt":"2013-02-02T02:24:20","slug":"assista-a-pesagem-do-ufc-156-ao-vivo-no-planeta-octogono-hoje-as-10-da-noite","status":"publish","type":"post","link":"https:\/\/blogs.gazetaesportiva.com\/planeta-octogono\/2013\/02\/01\/assista-a-pesagem-do-ufc-156-ao-vivo-no-planeta-octogono-hoje-as-10-da-noite\/","title":{"rendered":"Assista a pesagem do UFC 156 no Planeta Oct\u00f3gono"},"content":{"rendered":"<figure id=\"attachment_3162\" aria-describedby=\"caption-attachment-3162\" style=\"width: 420px\" class=\"wp-caption aligncenter\"><a href=\"https:\/\/blogs.gazetaesportiva.com\/planeta-octogono\/files\/2013\/02\/ufc156.jpg\"><img loading=\"lazy\" decoding=\"async\" class=\"size-full wp-image-3162 \" src=\"https:\/\/blogs.gazetaesportiva.com\/planeta-octogono\/files\/2013\/02\/ufc156.jpg\" alt=\"\" width=\"420\" height=\"556\" \/><\/a><figcaption id=\"caption-attachment-3162\" class=\"wp-caption-text\">Assista a pesagem ao vivo aqui no Planeta Oct\u00f3gono - Divulga\u00e7\u00e3o UFC<\/figcaption><\/figure>\n<p>Assista como foi o Pesagem Oficial do UFC 156, nesta sexta feira, \u00e0s 10 da noite no hor\u00e1rio de Bras\u00edlia.<\/p>\n<p>O evento, que conta com cinco brasileiros no card, ter\u00e1 a disputa de cintur\u00e3o peso pena, entre Frankie Edgar e Jos\u00e9 Aldo.<\/p>\n<p>Al\u00e9m disso, Rog\u00e9rio Minotouro enfrenta Rashad Evans, Antonio Pez\u00e3o encara Alistair Overeem.<\/p>\n<p>Demian Maia e Gleison Tibau se juntam aos brasileiros que lutar\u00e3o no Mandalay Bay, em Las Vegas neste s\u00e1bado.<\/p>\n<p>O combate ser\u00e1 transmitido pela Rede Globo, com meia hora de atraso, na madrugada de s\u00e1bado para domingo.<\/p>\n<p style=\"text-align: center;\"><strong>Assista a Pesagem Oficial do UFC 156:<\/strong><\/p>\n<p style=\"text-align: center;\"><strong>[yframe url=&#8217;http:\/\/www.youtube.com\/watch?v=ZUPvyc0UgoE&#8217;]<\/strong><\/p>\n<p style=\"text-align: center;\"><strong><br \/>\n<\/strong><\/p>\n<p style=\"text-align: center;\"><strong>Se caso voc\u00ea n\u00e3o conseguir acessar o v\u00eddeo acima, assista pelo site oficial do UFC: <a href=\"http:\/\/br.ufc.com\/media\/UFC156-weigh-in\">Pesagem do UFC 156<\/a><\/strong><\/p>\n<p style=\"text-align: center;\">\n<p style=\"text-align: center;\">\n<div style=\"text-align: center;\"><strong>Comente esta not\u00edcia, ou entre em contato conosco, para tirar d\u00favidas e nos ajudar a fazer este blog cada vez melhor.<\/strong><\/div>\n<div style=\"text-align: center;\"><strong>Atrav\u00e9s do e- mail: planetaoctogono@gmail.com<\/strong><\/div>\n<div style=\"text-align: center;\"><strong><br \/>\n<\/strong><\/div>\n<div style=\"text-align: center;\"><strong>Siga nosso Twitter &#8211; www.twitter.com\/BrMassami e comente sobre esta not\u00edcia!<\/strong><\/div>\n<div style=\"text-align: center;\"><strong>Siga nosso Facebook \u00a0&#8211; http:\/\/www.facebook.com\/PlanetaOctogono<\/strong><\/div>\n","protected":false},"excerpt":{"rendered":"<p>Assista como foi o Pesagem Oficial do UFC 156, nesta sexta feira, \u00e0s 10 da noite no hor\u00e1rio de Bras\u00edlia. O evento, que conta com <a class=\"read-more\" href=\"https:\/\/blogs.gazetaesportiva.com\/planeta-octogono\/2013\/02\/01\/assista-a-pesagem-do-ufc-156-ao-vivo-no-planeta-octogono-hoje-as-10-da-noite\/\">leia mais<\/a><\/p>\n","protected":false},"author":33,"featured_media":3162,"comment_status":"open","ping_status":"open","sticky":false,"template":"","format":"standard","meta":{"jetpack_post_was_ever_published":false,"_jetpack_newsletter_access":"","_jetpack_dont_email_post_to_subs":false,"_jetpack_newsletter_tier_id":0,"_jetpack_memberships_contains_paywalled_content":false,"_jetpack_memberships_contains_paid_content":false,"footnotes":"","jetpack_publicize_message":"","jetpack_publicize_feature_enabled":true,"jetpack_social_post_already_shared":false,"jetpack_social_options":{"image_generator_settings":{"template":"highway","default_image_id":0,"font":"","enabled":false},"version":2}},"categories":[1],"tags":[],"class_list":["post-3161","post","type-post","status-publish","format-standard","has-post-thumbnail","hentry","category-principal"],"jetpack_publicize_connections":[],"jetpack_featured_media_url":"https:\/\/blogs.gazetaesportiva.com\/planeta-octogono\/files\/2013\/02\/ufc156.jpg","jetpack_sharing_enabled":true,"jetpack_shortlink":"https:\/\/wp.me\/p6rqUQ-OZ","_links":{"self":[{"href":"https:\/\/blogs.gazetaesportiva.com\/planeta-octogono\/wp-json\/wp\/v2\/posts\/3161","targetHints":{"allow":["GET"]}}],"collection":[{"href":"https:\/\/blogs.gazetaesportiva.com\/planeta-octogono\/wp-json\/wp\/v2\/posts"}],"about":[{"href":"https:\/\/blogs.gazetaesportiva.com\/planeta-octogono\/wp-json\/wp\/v2\/types\/post"}],"author":[{"embeddable":true,"href":"https:\/\/blogs.gazetaesportiva.com\/planeta-octogono\/wp-json\/wp\/v2\/users\/33"}],"replies":[{"embeddable":true,"href":"https:\/\/blogs.gazetaesportiva.com\/planeta-octogono\/wp-json\/wp\/v2\/comments?post=3161"}],"version-history":[{"count":0,"href":"https:\/\/blogs.gazetaesportiva.com\/planeta-octogono\/wp-json\/wp\/v2\/posts\/3161\/revisions"}],"wp:featuredmedia":[{"embeddable":true,"href":"https:\/\/blogs.gazetaesportiva.com\/planeta-octogono\/wp-json\/wp\/v2\/media\/3162"}],"wp:attachment":[{"href":"https:\/\/blogs.gazetaesportiva.com\/planeta-octogono\/wp-json\/wp\/v2\/media?parent=3161"}],"wp:term":[{"taxonomy":"category","embeddable":true,"href":"https:\/\/blogs.gazetaesportiva.com\/planeta-octogono\/wp-json\/wp\/v2\/categories?post=3161"},{"taxonomy":"post_tag","embeddable":true,"href":"https:\/\/blogs.gazetaesportiva.com\/planeta-octogono\/wp-json\/wp\/v2\/tags?post=3161"}],"curies":[{"name":"wp","href":"https:\/\/api.w.org\/{rel}","templated":true}]}}