{"id":3155,"date":"2013-02-01T10:28:38","date_gmt":"2013-02-01T12:28:38","guid":{"rendered":"https:\/\/blogs.gazetaesportiva.com\/planeta-octogono\/?p=3155"},"modified":"2013-02-01T10:28:38","modified_gmt":"2013-02-01T12:28:38","slug":"dana-white-muda-de-ideia-e-rashad-evans-pode-enfrentar-anderson-silva-se-vencer-rogerio-minotouro-no-ufc-156","status":"publish","type":"post","link":"https:\/\/blogs.gazetaesportiva.com\/planeta-octogono\/2013\/02\/01\/dana-white-muda-de-ideia-e-rashad-evans-pode-enfrentar-anderson-silva-se-vencer-rogerio-minotouro-no-ufc-156\/","title":{"rendered":"Dana White muda de id\u00e9ia, e Rashad Evans pode enfrentar Anderson Silva se vencer Rog\u00e9rio Minotouro no UFC 156"},"content":{"rendered":"<figure id=\"attachment_3156\" aria-describedby=\"caption-attachment-3156\" style=\"width: 500px\" class=\"wp-caption aligncenter\"><a href=\"https:\/\/blogs.gazetaesportiva.com\/planeta-octogono\/files\/2013\/02\/RashadEvans_Headshot2012.png\"><img loading=\"lazy\" decoding=\"async\" class=\"size-full wp-image-3156\" src=\"https:\/\/blogs.gazetaesportiva.com\/planeta-octogono\/files\/2013\/02\/RashadEvans_Headshot2012.png\" alt=\"\" width=\"500\" height=\"325\" \/><\/a><figcaption id=\"caption-attachment-3156\" class=\"wp-caption-text\">Lutador americano pode fazer luta pelo cintur\u00e3o de m\u00e9dios - Divulga\u00e7\u00e3o UFC<\/figcaption><\/figure>\n<p>Uma declara\u00e7\u00e3o surpreendente feito pelo Presidente do UFC, Dana White, chamou a aten\u00e7\u00e3o nesta quinta feira.<\/p>\n<p>Segundo Dana, apesar de estar negociando um combate entre Anderson Silva e Chris Weidman, uma vit\u00f3ria de Rashad Evans, que enfrenta o brasileiro Rog\u00e9rio Minotouro, pode mudar os planos do UFC.<\/p>\n<p>Evans que \u00e9 ex campe\u00e3o do Ultimate no peso meio pesado (at\u00e9 93 kg) poderia ganhar a chance, se vencer Minotouro e aceitar descer de peso para a categoria de Anderson, para uma disputa de t\u00edtulo.<\/p>\n<p>&#8220;Se Rashad vencer, eu vou consider\u00e1-lo como um dos desafiantes de Anderson.<\/p>\n<p>Qual o sentido de fazer essa luta em uma categoria de peso combinado? S\u00f3 para o Rashad enfrentar o Anderson?<\/p>\n<p>Eu acho que essa luta tem que ser pelo t\u00edtulo, ent\u00e3o o Rashad teria que descer para 84 quilos ou ent\u00e3o essa luta n\u00e3o aconteceria\u201d Analisou Dana.<\/p>\n<p>Dana aproveitou para explicar o porque da mudan\u00e7a de pensamento, preterindo Weidman.<\/p>\n<p>\u201cMuita gente considera o Weidman o desafiante n\u00famero um dessa divis\u00e3o, mas se o Rashad vencer e quiser descer pra 84 quilos, a\u00ed voc\u00ea come\u00e7a a questionar se o Weidman \u00e9 o \u00fanico a estar nessa posi\u00e7\u00e3o\u201d. Declarou.<\/p>\n<p>Rashad Evans j\u00e1 enfrentou Forrest Griffin e se sagrou campe\u00e3o do UFC, por\u00e9m o lutador perdeu o t\u00edtulo para o brasileiro Lyoto Machida.<\/p>\n<p>Evans teve uma nova chance, desta vez contra o atual campe\u00e3o do peso, Jon Jones, mas acabou sendo derrotado novamente.<\/p>\n<p style=\"text-align: center\"><strong><br \/>\n<\/strong><\/p>\n<p style=\"text-align: center\"><strong> <\/strong><\/p>\n<div style=\"text-align: center\"><strong>Comente esta not\u00edcia, ou entre em contato conosco, para tirar d\u00favidas e nos ajudar a fazer este blog cada vez melhor.<\/strong><\/div>\n<div style=\"text-align: center\"><strong>Atrav\u00e9s do e- mail: planetaoctogono@gmail.com<\/strong><\/div>\n<div style=\"text-align: center\"><strong><br \/>\n<\/strong><\/div>\n<div style=\"text-align: center\"><strong>Siga nosso Twitter &#8211; www.twitter.com\/BrMassami e comente sobre esta not\u00edcia!<\/strong><\/div>\n<div style=\"text-align: center\"><strong>Siga nosso Facebook \u00a0&#8211; http:\/\/www.facebook.com\/PlanetaOctogono<\/strong><\/div>\n","protected":false},"excerpt":{"rendered":"<p>Uma declara\u00e7\u00e3o surpreendente feito pelo Presidente do UFC, Dana White, chamou a aten\u00e7\u00e3o nesta quinta feira. Segundo Dana, apesar de estar negociando um combate entre <a class=\"read-more\" href=\"https:\/\/blogs.gazetaesportiva.com\/planeta-octogono\/2013\/02\/01\/dana-white-muda-de-ideia-e-rashad-evans-pode-enfrentar-anderson-silva-se-vencer-rogerio-minotouro-no-ufc-156\/\">leia mais<\/a><\/p>\n","protected":false},"author":33,"featured_media":3156,"comment_status":"open","ping_status":"open","sticky":false,"template":"","format":"standard","meta":{"jetpack_post_was_ever_published":false,"_jetpack_newsletter_access":"","_jetpack_dont_email_post_to_subs":false,"_jetpack_newsletter_tier_id":0,"_jetpack_memberships_contains_paywalled_content":false,"_jetpack_memberships_contains_paid_content":false,"footnotes":"","jetpack_publicize_message":"","jetpack_publicize_feature_enabled":true,"jetpack_social_post_already_shared":false,"jetpack_social_options":{"image_generator_settings":{"template":"highway","default_image_id":0,"font":"","enabled":false},"version":2}},"categories":[1],"tags":[],"class_list":["post-3155","post","type-post","status-publish","format-standard","has-post-thumbnail","hentry","category-principal"],"jetpack_publicize_connections":[],"jetpack_featured_media_url":"https:\/\/blogs.gazetaesportiva.com\/planeta-octogono\/files\/2013\/02\/RashadEvans_Headshot2012.png","jetpack_sharing_enabled":true,"jetpack_shortlink":"https:\/\/wp.me\/p6rqUQ-OT","_links":{"self":[{"href":"https:\/\/blogs.gazetaesportiva.com\/planeta-octogono\/wp-json\/wp\/v2\/posts\/3155","targetHints":{"allow":["GET"]}}],"collection":[{"href":"https:\/\/blogs.gazetaesportiva.com\/planeta-octogono\/wp-json\/wp\/v2\/posts"}],"about":[{"href":"https:\/\/blogs.gazetaesportiva.com\/planeta-octogono\/wp-json\/wp\/v2\/types\/post"}],"author":[{"embeddable":true,"href":"https:\/\/blogs.gazetaesportiva.com\/planeta-octogono\/wp-json\/wp\/v2\/users\/33"}],"replies":[{"embeddable":true,"href":"https:\/\/blogs.gazetaesportiva.com\/planeta-octogono\/wp-json\/wp\/v2\/comments?post=3155"}],"version-history":[{"count":0,"href":"https:\/\/blogs.gazetaesportiva.com\/planeta-octogono\/wp-json\/wp\/v2\/posts\/3155\/revisions"}],"wp:featuredmedia":[{"embeddable":true,"href":"https:\/\/blogs.gazetaesportiva.com\/planeta-octogono\/wp-json\/wp\/v2\/media\/3156"}],"wp:attachment":[{"href":"https:\/\/blogs.gazetaesportiva.com\/planeta-octogono\/wp-json\/wp\/v2\/media?parent=3155"}],"wp:term":[{"taxonomy":"category","embeddable":true,"href":"https:\/\/blogs.gazetaesportiva.com\/planeta-octogono\/wp-json\/wp\/v2\/categories?post=3155"},{"taxonomy":"post_tag","embeddable":true,"href":"https:\/\/blogs.gazetaesportiva.com\/planeta-octogono\/wp-json\/wp\/v2\/tags?post=3155"}],"curies":[{"name":"wp","href":"https:\/\/api.w.org\/{rel}","templated":true}]}}