{"id":2803,"date":"2013-01-17T08:32:07","date_gmt":"2013-01-17T10:32:07","guid":{"rendered":"https:\/\/blogs.gazetaesportiva.com\/planeta-octogono\/?p=2803"},"modified":"2013-01-17T08:32:07","modified_gmt":"2013-01-17T10:32:07","slug":"apesar-de-revelacao-de-pedro-rizzo-futuro-do-royal-fc-ainda-esta-indefinido","status":"publish","type":"post","link":"https:\/\/blogs.gazetaesportiva.com\/planeta-octogono\/2013\/01\/17\/apesar-de-revelacao-de-pedro-rizzo-futuro-do-royal-fc-ainda-esta-indefinido\/","title":{"rendered":"Apesar de revela\u00e7\u00e3o de Pedro Rizzo, futuro do Royal FC ainda est\u00e1 indefinido"},"content":{"rendered":"<figure id=\"attachment_2804\" aria-describedby=\"caption-attachment-2804\" style=\"width: 491px\" class=\"wp-caption aligncenter\"><a href=\"https:\/\/blogs.gazetaesportiva.com\/planeta-octogono\/files\/2013\/01\/royalfc-1.jpg\"><img loading=\"lazy\" decoding=\"async\" class=\"size-full wp-image-2804  \" src=\"https:\/\/blogs.gazetaesportiva.com\/planeta-octogono\/files\/2013\/01\/royalfc-1.jpg\" alt=\"\" width=\"491\" height=\"261\" \/><\/a><figcaption id=\"caption-attachment-2804\" class=\"wp-caption-text\">Evento n\u00e3o tem uma previs\u00e3o para acontecer - Foto - Divulga\u00e7\u00e3o Royal FC<\/figcaption><\/figure>\n<p>O mundo do MMA Brasileiro foi pego por uma m\u00e1 not\u00edcia.<\/p>\n<p>Segundo o lutador Pedro Rizzo, que enfrentaria a lenda Mirko Crocop, na primeira edi\u00e7\u00e3o do Royal FC, o lutador atrav\u00e9s de seu Twitter, revelou que seu combate foi cancelado.<\/p>\n<p>O Planeta Oct\u00f3gono entrou em contato com representantes do evento, mas por hora, n\u00e3o quiseram falar sobre o assunto e seus detalhes.<\/p>\n<p>Por\u00e9m o cancelamento do evento, ainda n\u00e3o est\u00e1 descartado, como tem sido erradamente divulgado pela m\u00eddia.<\/p>\n<p>O que \u00e9 certo, \u00e9 que tudo pode acontecer, e o evento ainda n\u00e3o se pronunciou oficialmente sobre o assunto.<\/p>\n<p>Segundo boatos, o evento iria acontecer no dia 2 de fevereiro no Rio de Janeiro, no HSBC Arena e teria como combate principal, Mirko Crocop contra Pedro Rizzo.<\/p>\n","protected":false},"excerpt":{"rendered":"<p>O mundo do MMA Brasileiro foi pego por uma m\u00e1 not\u00edcia. Segundo o lutador Pedro Rizzo, que enfrentaria a lenda Mirko Crocop, na primeira edi\u00e7\u00e3o <a class=\"read-more\" href=\"https:\/\/blogs.gazetaesportiva.com\/planeta-octogono\/2013\/01\/17\/apesar-de-revelacao-de-pedro-rizzo-futuro-do-royal-fc-ainda-esta-indefinido\/\">leia mais<\/a><\/p>\n","protected":false},"author":33,"featured_media":2804,"comment_status":"open","ping_status":"open","sticky":false,"template":"","format":"standard","meta":{"jetpack_post_was_ever_published":false,"_jetpack_newsletter_access":"","_jetpack_dont_email_post_to_subs":false,"_jetpack_newsletter_tier_id":0,"_jetpack_memberships_contains_paywalled_content":false,"_jetpack_memberships_contains_paid_content":false,"footnotes":"","jetpack_publicize_message":"","jetpack_publicize_feature_enabled":true,"jetpack_social_post_already_shared":false,"jetpack_social_options":{"image_generator_settings":{"template":"highway","default_image_id":0,"font":"","enabled":false},"version":2}},"categories":[1],"tags":[],"class_list":["post-2803","post","type-post","status-publish","format-standard","has-post-thumbnail","hentry","category-principal"],"jetpack_publicize_connections":[],"jetpack_featured_media_url":"https:\/\/blogs.gazetaesportiva.com\/planeta-octogono\/files\/2013\/01\/royalfc-1.jpg","jetpack_sharing_enabled":true,"jetpack_shortlink":"https:\/\/wp.me\/p6rqUQ-Jd","_links":{"self":[{"href":"https:\/\/blogs.gazetaesportiva.com\/planeta-octogono\/wp-json\/wp\/v2\/posts\/2803","targetHints":{"allow":["GET"]}}],"collection":[{"href":"https:\/\/blogs.gazetaesportiva.com\/planeta-octogono\/wp-json\/wp\/v2\/posts"}],"about":[{"href":"https:\/\/blogs.gazetaesportiva.com\/planeta-octogono\/wp-json\/wp\/v2\/types\/post"}],"author":[{"embeddable":true,"href":"https:\/\/blogs.gazetaesportiva.com\/planeta-octogono\/wp-json\/wp\/v2\/users\/33"}],"replies":[{"embeddable":true,"href":"https:\/\/blogs.gazetaesportiva.com\/planeta-octogono\/wp-json\/wp\/v2\/comments?post=2803"}],"version-history":[{"count":0,"href":"https:\/\/blogs.gazetaesportiva.com\/planeta-octogono\/wp-json\/wp\/v2\/posts\/2803\/revisions"}],"wp:featuredmedia":[{"embeddable":true,"href":"https:\/\/blogs.gazetaesportiva.com\/planeta-octogono\/wp-json\/wp\/v2\/media\/2804"}],"wp:attachment":[{"href":"https:\/\/blogs.gazetaesportiva.com\/planeta-octogono\/wp-json\/wp\/v2\/media?parent=2803"}],"wp:term":[{"taxonomy":"category","embeddable":true,"href":"https:\/\/blogs.gazetaesportiva.com\/planeta-octogono\/wp-json\/wp\/v2\/categories?post=2803"},{"taxonomy":"post_tag","embeddable":true,"href":"https:\/\/blogs.gazetaesportiva.com\/planeta-octogono\/wp-json\/wp\/v2\/tags?post=2803"}],"curies":[{"name":"wp","href":"https:\/\/api.w.org\/{rel}","templated":true}]}}