{"id":23184,"date":"2024-11-17T12:10:43","date_gmt":"2024-11-17T15:10:43","guid":{"rendered":"https:\/\/blogs.gazetaesportiva.com\/planeta-octogono\/?p=23184"},"modified":"2024-11-17T12:10:43","modified_gmt":"2024-11-17T15:10:43","slug":"jon-jones-e-charles-do-bronxs-brilham-no-ufc-309","status":"publish","type":"post","link":"https:\/\/blogs.gazetaesportiva.com\/planeta-octogono\/2024\/11\/17\/jon-jones-e-charles-do-bronxs-brilham-no-ufc-309\/","title":{"rendered":"Jon Jones e Charles do Bronxs brilham no UFC 309"},"content":{"rendered":"<figure id=\"attachment_23185\" aria-describedby=\"caption-attachment-23185\" style=\"width: 640px\" class=\"wp-caption aligncenter\"><a href=\"https:\/\/blogs.gazetaesportiva.com\/planeta-octogono\/files\/2024\/11\/20241117_234004-scaled.jpg\"><img loading=\"lazy\" decoding=\"async\" class=\"size-large wp-image-23185\" src=\"https:\/\/blogs.gazetaesportiva.com\/planeta-octogono\/files\/2024\/11\/20241117_234004-1024x1024.jpg\" alt=\"\" width=\"640\" height=\"640\" srcset=\"https:\/\/blogs.gazetaesportiva.com\/planeta-octogono\/files\/2024\/11\/20241117_234004-1024x1024.jpg 1024w, https:\/\/blogs.gazetaesportiva.com\/planeta-octogono\/files\/2024\/11\/20241117_234004-300x300.jpg 300w, https:\/\/blogs.gazetaesportiva.com\/planeta-octogono\/files\/2024\/11\/20241117_234004-150x150.jpg 150w, https:\/\/blogs.gazetaesportiva.com\/planeta-octogono\/files\/2024\/11\/20241117_234004-768x768.jpg 768w, https:\/\/blogs.gazetaesportiva.com\/planeta-octogono\/files\/2024\/11\/20241117_234004-1536x1536.jpg 1536w, https:\/\/blogs.gazetaesportiva.com\/planeta-octogono\/files\/2024\/11\/20241117_234004-2048x2048.jpg 2048w\" sizes=\"auto, (max-width: 640px) 100vw, 640px\" \/><\/a><figcaption id=\"caption-attachment-23185\" class=\"wp-caption-text\">Americano vence e faz homenagem a Presidente dos Estados Unidos ap\u00f3s vit\u00f3ria &#8211; Divulga\u00e7\u00e3o<\/figcaption><\/figure>\n<p>Duas das principais estrelas do UFC fizeram bonito em Nova York neste \u00faltimo s\u00e1bado.<\/p>\n<p>Atuando na famosa Madison Square Garden, Jon Jones realizou um sonho antigo de lutar praticamente em casa, j\u00e1 que o americano nasceu no estado de Nova York, enfrentou o compatriota Stipe Miocic.<\/p>\n<p>Sem correr riscos e lutando de forma estrat\u00e9gica, aos poucos Jones foi minando a resist\u00eancia do advers\u00e1rio, usando seus chutes como potencial arma para vencer a luta.<\/p>\n<p>A t\u00e1tica deu certo. Com um potente chute rodado na costela do advers\u00e1rio, Jones garantiu sua primeira defesa de t\u00edtulo no peso pesado no terceiro round.<\/p>\n<p>Com 37 anos de idade e pr\u00f3ximo de se aposentar, o campe\u00e3o vive um dilema.<\/p>\n<p>Deixar o esporte, enfrentar o brasileiro Alex Poatan que vem em grande fase em uma super luta ou encarar o jovem ingl\u00eas Tom Aspinall que \u00e9 naturalmente o pr\u00f3ximo desafiante da categoria, ideia esta defendida por Dana White, Presidente do UFC.<\/p>\n<figure id=\"attachment_23186\" aria-describedby=\"caption-attachment-23186\" style=\"width: 640px\" class=\"wp-caption aligncenter\"><a href=\"https:\/\/blogs.gazetaesportiva.com\/planeta-octogono\/files\/2024\/11\/20241117_233959-scaled.jpg\"><img loading=\"lazy\" decoding=\"async\" class=\"size-large wp-image-23186\" src=\"https:\/\/blogs.gazetaesportiva.com\/planeta-octogono\/files\/2024\/11\/20241117_233959-1024x1024.jpg\" alt=\"\" width=\"640\" height=\"640\" srcset=\"https:\/\/blogs.gazetaesportiva.com\/planeta-octogono\/files\/2024\/11\/20241117_233959-1024x1024.jpg 1024w, https:\/\/blogs.gazetaesportiva.com\/planeta-octogono\/files\/2024\/11\/20241117_233959-300x300.jpg 300w, https:\/\/blogs.gazetaesportiva.com\/planeta-octogono\/files\/2024\/11\/20241117_233959-150x150.jpg 150w, https:\/\/blogs.gazetaesportiva.com\/planeta-octogono\/files\/2024\/11\/20241117_233959-768x768.jpg 768w, https:\/\/blogs.gazetaesportiva.com\/planeta-octogono\/files\/2024\/11\/20241117_233959-1536x1536.jpg 1536w, https:\/\/blogs.gazetaesportiva.com\/planeta-octogono\/files\/2024\/11\/20241117_233959-2048x2048.jpg 2048w\" sizes=\"auto, (max-width: 640px) 100vw, 640px\" \/><\/a><figcaption id=\"caption-attachment-23186\" class=\"wp-caption-text\">Chutes foram a estrat\u00e9gia adotada para vencer Stipe Miocic &#8211; Divulga\u00e7\u00e3o<\/figcaption><\/figure>\n<p><em><strong>Charles d\u00e1 susto no fim mas volta a vencer<\/strong><\/em> &#8211; O santista Charles do Bronxs voltou a coluna das vit\u00f3rias no UFC.<\/p>\n<p>Ao protagonizar uma revanche com o americano Michael Chandler, o lutador da Chute Boxe Diego Lima, mostrou maturidade e total dom\u00ednio das a\u00e7\u00f5es durante os quatro primeiros rounds, chegando a balan\u00e7ar o advers\u00e1rio e derrubar o oponente em diversas oportunidades.<\/p>\n<p>Apesar do bom momento, o paulista voltou a dar fortes emo\u00e7\u00f5es aos f\u00e3s ap\u00f3s sofrer uma verdadeira blitz do advers\u00e1rio, novamente correndo risco de perder uma luta praticamente j\u00e1 vencida.<\/p>\n<p>Por\u00e9m, o ex-campe\u00e3o dos leves soube administrar a press\u00e3o no quinto round e conseguiu levar a luta para a decis\u00e3o dos ju\u00edzes garantindo assim uma futura nova chance de disputar o t\u00edtulo da categoria j\u00e1 que Islam Makhachev, atual campe\u00e3o do peso deve enfrentar o algoz de Charles, o arm\u00eanio Arman Tsarukyan em janeiro.<\/p>\n<figure id=\"attachment_23187\" aria-describedby=\"caption-attachment-23187\" style=\"width: 640px\" class=\"wp-caption aligncenter\"><a href=\"https:\/\/blogs.gazetaesportiva.com\/planeta-octogono\/files\/2024\/11\/20241117_233756-scaled.jpg\"><img loading=\"lazy\" decoding=\"async\" class=\"size-large wp-image-23187\" src=\"https:\/\/blogs.gazetaesportiva.com\/planeta-octogono\/files\/2024\/11\/20241117_233756-1024x683.jpg\" alt=\"\" width=\"640\" height=\"427\" srcset=\"https:\/\/blogs.gazetaesportiva.com\/planeta-octogono\/files\/2024\/11\/20241117_233756-1024x683.jpg 1024w, https:\/\/blogs.gazetaesportiva.com\/planeta-octogono\/files\/2024\/11\/20241117_233756-300x200.jpg 300w, https:\/\/blogs.gazetaesportiva.com\/planeta-octogono\/files\/2024\/11\/20241117_233756-768x512.jpg 768w, https:\/\/blogs.gazetaesportiva.com\/planeta-octogono\/files\/2024\/11\/20241117_233756-1536x1024.jpg 1536w, https:\/\/blogs.gazetaesportiva.com\/planeta-octogono\/files\/2024\/11\/20241117_233756-2048x1366.jpg 2048w\" sizes=\"auto, (max-width: 640px) 100vw, 640px\" \/><\/a><figcaption id=\"caption-attachment-23187\" class=\"wp-caption-text\">Ex-campe\u00e3o, Charles &#8220;do Bronxs&#8221; Oliveira se aproxima de nova disputa de t\u00edtulo com vit\u00f3ria em Nova York &#8211; Divulga\u00e7\u00e3o<\/figcaption><\/figure>\n","protected":false},"excerpt":{"rendered":"<p>Duas das principais estrelas do UFC fizeram bonito em Nova York neste \u00faltimo s\u00e1bado. Atuando na famosa Madison Square Garden, Jon Jones realizou um sonho <a class=\"read-more\" href=\"https:\/\/blogs.gazetaesportiva.com\/planeta-octogono\/2024\/11\/17\/jon-jones-e-charles-do-bronxs-brilham-no-ufc-309\/\">leia mais<\/a><\/p>\n","protected":false},"author":33,"featured_media":23185,"comment_status":"open","ping_status":"open","sticky":false,"template":"","format":"standard","meta":{"jetpack_post_was_ever_published":false,"_jetpack_newsletter_access":"","_jetpack_dont_email_post_to_subs":false,"_jetpack_newsletter_tier_id":0,"_jetpack_memberships_contains_paywalled_content":false,"_jetpack_memberships_contains_paid_content":false,"footnotes":"","jetpack_publicize_message":"","jetpack_publicize_feature_enabled":true,"jetpack_social_post_already_shared":false,"jetpack_social_options":{"image_generator_settings":{"template":"highway","default_image_id":0,"font":"","enabled":false},"version":2}},"categories":[1],"tags":[1809,111,85,41,1887],"class_list":["post-23184","post","type-post","status-publish","format-standard","has-post-thumbnail","hentry","category-principal","tag-charles-do-bronxs","tag-dana-white","tag-jon-jones","tag-ufc","tag-ufc-309"],"jetpack_publicize_connections":[],"jetpack_featured_media_url":"https:\/\/blogs.gazetaesportiva.com\/planeta-octogono\/files\/2024\/11\/20241117_234004-scaled.jpg","jetpack_sharing_enabled":true,"jetpack_shortlink":"https:\/\/wp.me\/p6rqUQ-61W","_links":{"self":[{"href":"https:\/\/blogs.gazetaesportiva.com\/planeta-octogono\/wp-json\/wp\/v2\/posts\/23184","targetHints":{"allow":["GET"]}}],"collection":[{"href":"https:\/\/blogs.gazetaesportiva.com\/planeta-octogono\/wp-json\/wp\/v2\/posts"}],"about":[{"href":"https:\/\/blogs.gazetaesportiva.com\/planeta-octogono\/wp-json\/wp\/v2\/types\/post"}],"author":[{"embeddable":true,"href":"https:\/\/blogs.gazetaesportiva.com\/planeta-octogono\/wp-json\/wp\/v2\/users\/33"}],"replies":[{"embeddable":true,"href":"https:\/\/blogs.gazetaesportiva.com\/planeta-octogono\/wp-json\/wp\/v2\/comments?post=23184"}],"version-history":[{"count":0,"href":"https:\/\/blogs.gazetaesportiva.com\/planeta-octogono\/wp-json\/wp\/v2\/posts\/23184\/revisions"}],"wp:featuredmedia":[{"embeddable":true,"href":"https:\/\/blogs.gazetaesportiva.com\/planeta-octogono\/wp-json\/wp\/v2\/media\/23185"}],"wp:attachment":[{"href":"https:\/\/blogs.gazetaesportiva.com\/planeta-octogono\/wp-json\/wp\/v2\/media?parent=23184"}],"wp:term":[{"taxonomy":"category","embeddable":true,"href":"https:\/\/blogs.gazetaesportiva.com\/planeta-octogono\/wp-json\/wp\/v2\/categories?post=23184"},{"taxonomy":"post_tag","embeddable":true,"href":"https:\/\/blogs.gazetaesportiva.com\/planeta-octogono\/wp-json\/wp\/v2\/tags?post=23184"}],"curies":[{"name":"wp","href":"https:\/\/api.w.org\/{rel}","templated":true}]}}