{"id":2299,"date":"2012-12-18T12:23:04","date_gmt":"2012-12-18T14:23:04","guid":{"rendered":"https:\/\/blogs.gazetaesportiva.com\/planeta-octogono\/?p=2299"},"modified":"2012-12-18T12:23:04","modified_gmt":"2012-12-18T14:23:04","slug":"veja-o-trailer-do-dreamglory-4-tokyo-que-acontece-no-dia-31-de-dezembro","status":"publish","type":"post","link":"https:\/\/blogs.gazetaesportiva.com\/planeta-octogono\/2012\/12\/18\/veja-o-trailer-do-dreamglory-4-tokyo-que-acontece-no-dia-31-de-dezembro\/","title":{"rendered":"Veja o trailer do DREAM\/GLORY 4 Tokyo que acontece no dia 31 de dezembro"},"content":{"rendered":"<figure id=\"attachment_2300\" aria-describedby=\"caption-attachment-2300\" style=\"width: 364px\" class=\"wp-caption aligncenter\"><a href=\"https:\/\/blogs.gazetaesportiva.com\/planeta-octogono\/files\/2012\/12\/dreamglory72.jpg\"><img loading=\"lazy\" decoding=\"async\" class=\"size-full wp-image-2300 \" src=\"https:\/\/blogs.gazetaesportiva.com\/planeta-octogono\/files\/2012\/12\/dreamglory72.jpg\" alt=\"\" width=\"364\" height=\"512\" \/><\/a><figcaption id=\"caption-attachment-2300\" class=\"wp-caption-text\">Evento lan\u00e7a primeiro trailer promocional - Foto - Divulga\u00e7\u00e3o DREAM\/GLORY<\/figcaption><\/figure>\n<p>O DREAM 18\/GLORY 4 Tokyo anunciou o primeiro v\u00eddeo promocional do evento, que acontece no Saitama Super Arena, no dia 31 de dezembro de 2012.<\/p>\n<p>Mostrando os lutadores que participam do GP de pesados do GLORY, o evento conta com dois brasileiros no torneio.<\/p>\n<p>Fabiano &#8220;Cyclone&#8221; Aoki e Anderson &#8220;Braddock&#8221; Silva ser\u00e3o os representantes do pa\u00eds no GP.<\/p>\n<p style=\"text-align: center\">\n<p style=\"text-align: center\"><strong>Veja o trailer do evento:<\/strong><\/p>\n<p style=\"text-align: center\"><strong>[yframe url=&#8217;http:\/\/www.youtube.com\/watch?v=NbIkKSRxoBY&#8217;] <\/strong><\/p>\n<p style=\"text-align: center\">\n<p style=\"text-align: center\"><strong>Siga nosso Twitter &#8211; www.twitter.com\/BrMassami e comente sobre esta not\u00edcia!<\/strong><\/p>\n","protected":false},"excerpt":{"rendered":"<p>O DREAM 18\/GLORY 4 Tokyo anunciou o primeiro v\u00eddeo promocional do evento, que acontece no Saitama Super Arena, no dia 31 de dezembro de 2012. <a class=\"read-more\" href=\"https:\/\/blogs.gazetaesportiva.com\/planeta-octogono\/2012\/12\/18\/veja-o-trailer-do-dreamglory-4-tokyo-que-acontece-no-dia-31-de-dezembro\/\">leia mais<\/a><\/p>\n","protected":false},"author":33,"featured_media":2300,"comment_status":"open","ping_status":"open","sticky":false,"template":"","format":"standard","meta":{"jetpack_post_was_ever_published":false,"_jetpack_newsletter_access":"","_jetpack_dont_email_post_to_subs":false,"_jetpack_newsletter_tier_id":0,"_jetpack_memberships_contains_paywalled_content":false,"_jetpack_memberships_contains_paid_content":false,"footnotes":"","jetpack_publicize_message":"","jetpack_publicize_feature_enabled":true,"jetpack_social_post_already_shared":false,"jetpack_social_options":{"image_generator_settings":{"template":"highway","default_image_id":0,"font":"","enabled":false},"version":2}},"categories":[1],"tags":[],"class_list":["post-2299","post","type-post","status-publish","format-standard","has-post-thumbnail","hentry","category-principal"],"jetpack_publicize_connections":[],"jetpack_featured_media_url":"https:\/\/blogs.gazetaesportiva.com\/planeta-octogono\/files\/2012\/12\/dreamglory72.jpg","jetpack_sharing_enabled":true,"jetpack_shortlink":"https:\/\/wp.me\/p6rqUQ-B5","_links":{"self":[{"href":"https:\/\/blogs.gazetaesportiva.com\/planeta-octogono\/wp-json\/wp\/v2\/posts\/2299","targetHints":{"allow":["GET"]}}],"collection":[{"href":"https:\/\/blogs.gazetaesportiva.com\/planeta-octogono\/wp-json\/wp\/v2\/posts"}],"about":[{"href":"https:\/\/blogs.gazetaesportiva.com\/planeta-octogono\/wp-json\/wp\/v2\/types\/post"}],"author":[{"embeddable":true,"href":"https:\/\/blogs.gazetaesportiva.com\/planeta-octogono\/wp-json\/wp\/v2\/users\/33"}],"replies":[{"embeddable":true,"href":"https:\/\/blogs.gazetaesportiva.com\/planeta-octogono\/wp-json\/wp\/v2\/comments?post=2299"}],"version-history":[{"count":0,"href":"https:\/\/blogs.gazetaesportiva.com\/planeta-octogono\/wp-json\/wp\/v2\/posts\/2299\/revisions"}],"wp:featuredmedia":[{"embeddable":true,"href":"https:\/\/blogs.gazetaesportiva.com\/planeta-octogono\/wp-json\/wp\/v2\/media\/2300"}],"wp:attachment":[{"href":"https:\/\/blogs.gazetaesportiva.com\/planeta-octogono\/wp-json\/wp\/v2\/media?parent=2299"}],"wp:term":[{"taxonomy":"category","embeddable":true,"href":"https:\/\/blogs.gazetaesportiva.com\/planeta-octogono\/wp-json\/wp\/v2\/categories?post=2299"},{"taxonomy":"post_tag","embeddable":true,"href":"https:\/\/blogs.gazetaesportiva.com\/planeta-octogono\/wp-json\/wp\/v2\/tags?post=2299"}],"curies":[{"name":"wp","href":"https:\/\/api.w.org\/{rel}","templated":true}]}}