{"id":2291,"date":"2012-12-18T11:55:24","date_gmt":"2012-12-18T13:55:24","guid":{"rendered":"https:\/\/blogs.gazetaesportiva.com\/planeta-octogono\/?p=2291"},"modified":"2012-12-18T11:56:02","modified_gmt":"2012-12-18T13:56:02","slug":"junior-cigano-recebe-faixa-preta-de-jiu-jitsu-e-nao-teme-jogo-de-chao-de-velasquez","status":"publish","type":"post","link":"https:\/\/blogs.gazetaesportiva.com\/planeta-octogono\/2012\/12\/18\/junior-cigano-recebe-faixa-preta-de-jiu-jitsu-e-nao-teme-jogo-de-chao-de-velasquez\/","title":{"rendered":"J\u00fanior Cigano recebe faixa preta de Jiu Jitsu e n\u00e3o teme jogo de ch\u00e3o de Velasquez"},"content":{"rendered":"<figure id=\"attachment_2292\" aria-describedby=\"caption-attachment-2292\" style=\"width: 300px\" class=\"wp-caption aligncenter\"><a href=\"https:\/\/blogs.gazetaesportiva.com\/planeta-octogono\/files\/2012\/12\/cigano_faixapreta_div.jpg_62.jpg\"><img loading=\"lazy\" decoding=\"async\" class=\"size-full wp-image-2292\" src=\"https:\/\/blogs.gazetaesportiva.com\/planeta-octogono\/files\/2012\/12\/cigano_faixapreta_div.jpg_62.jpg\" alt=\"\" width=\"300\" height=\"397\" \/><\/a><figcaption id=\"caption-attachment-2292\" class=\"wp-caption-text\">Cigano recebe faixa preta de Jiu Jitsu de seu treinador - Foto - Arquivo Pessoal<\/figcaption><\/figure>\n<p>Em fase final de prepara\u00e7\u00e3o para o confronto contra Cain Velasquez no dia 29 de dezembro, J\u00fanior Cigano recebeu uma gradua\u00e7\u00e3o.<\/p>\n<p>Ganhando sua faixa preta de Jiu Jitsu, sendo graduado por seu treinador da modalidade, Yuri Carlton, Cigano promete um combate duro com o americano no solo.<\/p>\n<p>&#8220;Prefiro ficar em p\u00e9 porque sou confiante nesta \u00e1rea e acredito que posso nocautear qualquer um no mundo. N\u00e3o vou para o ch\u00e3o se um cara n\u00e3o me derrubar.<\/p>\n<p>Cain \u00e9 um grande wrestler (luta greco romana) e tem chance de me derrubar. Se conseguir me segurar l\u00e1, v\u00e3o ver meu Jiu J\u00edtsu.<\/p>\n<p>Eu treino muito Jiu J\u00edtsu. Eu estou pronto para finalizar algu\u00e9m. Se a luta for para o ch\u00e3o e eu n\u00e3o conseguir ficar de p\u00e9, vou procurar uma finaliza\u00e7\u00e3o.&#8221; Afirmou Cigano.<\/p>\n<p>Cigano vem de vit\u00f3ria sobre Frank Mir no UFC 146 e Cain Velasquez sobre Antonio Pez\u00e3o no mesmo evento.<\/p>\n<p style=\"text-align: center\"><strong>Siga nosso Twitter &#8211; www.twitter.com\/BrMassami e comente sobre esta not\u00edcia!<\/strong><\/p>\n","protected":false},"excerpt":{"rendered":"<p>Em fase final de prepara\u00e7\u00e3o para o confronto contra Cain Velasquez no dia 29 de dezembro, J\u00fanior Cigano recebeu uma gradua\u00e7\u00e3o. Ganhando sua faixa preta <a class=\"read-more\" href=\"https:\/\/blogs.gazetaesportiva.com\/planeta-octogono\/2012\/12\/18\/junior-cigano-recebe-faixa-preta-de-jiu-jitsu-e-nao-teme-jogo-de-chao-de-velasquez\/\">leia mais<\/a><\/p>\n","protected":false},"author":33,"featured_media":2292,"comment_status":"open","ping_status":"open","sticky":false,"template":"","format":"standard","meta":{"jetpack_post_was_ever_published":false,"_jetpack_newsletter_access":"","_jetpack_dont_email_post_to_subs":false,"_jetpack_newsletter_tier_id":0,"_jetpack_memberships_contains_paywalled_content":false,"_jetpack_memberships_contains_paid_content":false,"footnotes":"","jetpack_publicize_message":"","jetpack_publicize_feature_enabled":true,"jetpack_social_post_already_shared":false,"jetpack_social_options":{"image_generator_settings":{"template":"highway","default_image_id":0,"font":"","enabled":false},"version":2}},"categories":[1],"tags":[],"class_list":["post-2291","post","type-post","status-publish","format-standard","has-post-thumbnail","hentry","category-principal"],"jetpack_publicize_connections":[],"jetpack_featured_media_url":"https:\/\/blogs.gazetaesportiva.com\/planeta-octogono\/files\/2012\/12\/cigano_faixapreta_div.jpg_62.jpg","jetpack_sharing_enabled":true,"jetpack_shortlink":"https:\/\/wp.me\/p6rqUQ-AX","_links":{"self":[{"href":"https:\/\/blogs.gazetaesportiva.com\/planeta-octogono\/wp-json\/wp\/v2\/posts\/2291","targetHints":{"allow":["GET"]}}],"collection":[{"href":"https:\/\/blogs.gazetaesportiva.com\/planeta-octogono\/wp-json\/wp\/v2\/posts"}],"about":[{"href":"https:\/\/blogs.gazetaesportiva.com\/planeta-octogono\/wp-json\/wp\/v2\/types\/post"}],"author":[{"embeddable":true,"href":"https:\/\/blogs.gazetaesportiva.com\/planeta-octogono\/wp-json\/wp\/v2\/users\/33"}],"replies":[{"embeddable":true,"href":"https:\/\/blogs.gazetaesportiva.com\/planeta-octogono\/wp-json\/wp\/v2\/comments?post=2291"}],"version-history":[{"count":0,"href":"https:\/\/blogs.gazetaesportiva.com\/planeta-octogono\/wp-json\/wp\/v2\/posts\/2291\/revisions"}],"wp:featuredmedia":[{"embeddable":true,"href":"https:\/\/blogs.gazetaesportiva.com\/planeta-octogono\/wp-json\/wp\/v2\/media\/2292"}],"wp:attachment":[{"href":"https:\/\/blogs.gazetaesportiva.com\/planeta-octogono\/wp-json\/wp\/v2\/media?parent=2291"}],"wp:term":[{"taxonomy":"category","embeddable":true,"href":"https:\/\/blogs.gazetaesportiva.com\/planeta-octogono\/wp-json\/wp\/v2\/categories?post=2291"},{"taxonomy":"post_tag","embeddable":true,"href":"https:\/\/blogs.gazetaesportiva.com\/planeta-octogono\/wp-json\/wp\/v2\/tags?post=2291"}],"curies":[{"name":"wp","href":"https:\/\/api.w.org\/{rel}","templated":true}]}}